{"id":40490,"date":"2022-04-27T09:35:48","date_gmt":"2022-04-27T14:35:48","guid":{"rendered":"https:\/\/www.zonaroja.com.mx\/?p=40490"},"modified":"2022-04-27T09:39:18","modified_gmt":"2022-04-27T14:39:18","slug":"respalda-dirigente-nacional-del-prd-al-triple-a-alejandro-aviles","status":"publish","type":"post","link":"https:\/\/zonaroja.com.mx\/?p=40490","title":{"rendered":"Respalda dirigente nacional del PRD al \u201cTriple A\u201d, Alejandro Avil\u00e9s"},"content":{"rendered":"\n<p>Redacci\u00f3n\/Zona Roja.&nbsp;<\/p>\n\n\n\n<p>Oaxaca de Ju\u00e1rez, Oax. 26 de abril de 2022.-&nbsp;Desde las monta\u00f1as de San Juan Quiotepec, en&nbsp;la Sierra Norte, el candidato a la gubernatura del estado, Alejandro Avil\u00e9s \u00c1lvarez, acompa\u00f1ado del dirigente estatal del PRI y de liderazgos regionales, comenz\u00f3 su cuarta semana de campa\u00f1a, para presentar sus propuestas de atenci\u00f3n a los pueblos y comunidades ind\u00edgenas y afromexicano en materia de educaci\u00f3n, acceso a la salud y desarrollo.&nbsp;<\/p>\n\n\n\n<p>El \u201cTriple A\u201d, asever\u00f3 que las mujeres &nbsp;y los adultos mayores de las comunidades ind\u00edgenas tendr\u00e1n una atenci\u00f3n prioritaria en su gobierno, principalmente en materia de&nbsp;salud, pues sabe que para tener acceso a consultas m\u00e9dicas deben pagar traslados y solventar los medicamentos que requieren.&nbsp;<\/p>\n\n\n\n<p>\u00abDesde el primer d\u00eda de mi gobierno, se pondr\u00e1 en marcha el programa \u2018M\u00e9dico en tu Casa\u2019, que dar\u00e1 cobertura y asistencia m\u00e9dica&nbsp;gratuita a todas las y los oaxaque\u00f1os de las comunidades marginadas, que no cuentan con cl\u00ednicas y hospitales cercanos\u00bb, detall\u00f3.<\/p>\n\n\n\n<p>El candidato com\u00fan del PRI-PRD, Alejandro Avil\u00e9s, explic\u00f3 que este programa tendr\u00e1 como funci\u00f3n desplegar brigadas de doctoras y doctores, as\u00ed como de enfermeras para que atiendan con medicamentos, a las personas m\u00e1s desprotegidas del estado de Oaxaca sin ning\u00fan costo.<\/p>\n\n\n\n<figure class=\"wp-block-embed\"><div class=\"wp-block-embed__wrapper\">\n<div class=\"twitter-tweet\"><blockquote class=\"twitter-tweet\" data-lang=\"es\"><p lang=\"es\" dir=\"ltr\"><a href=\"https:\/\/twitter.com\/hashtag\/EleccionesOaxaca2022?src=hash&amp;ref_src=twsrc%5Etfw\">#EleccionesOaxaca2022<\/a><br>El dirigente nacional del PRD, <a href=\"https:\/\/twitter.com\/Jesus_ZambranoG?ref_src=twsrc%5Etfw\">@Jesus_ZambranoG<\/a>, estuvo hoy en <a href=\"https:\/\/twitter.com\/hashtag\/Oaxaca?src=hash&amp;ref_src=twsrc%5Etfw\">#Oaxaca<\/a> y acompa\u00f1\u00f3 a <a href=\"https:\/\/twitter.com\/_AvilesAlvarez?ref_src=twsrc%5Etfw\">@_AvilesAlvarez<\/a> a su gira por la Sierra Norte.<br>Augur\u00f3 el triunfo del candidato com\u00fan a gobernador del estado. <a href=\"https:\/\/t.co\/MhmMWDsYwh\">pic.twitter.com\/MhmMWDsYwh<\/a><\/p>&mdash; Zona Roja Oaxaca (@ZonaRoja_Oaxaca) <a href=\"https:\/\/twitter.com\/ZonaRoja_Oaxaca\/status\/1519144922938552320?ref_src=twsrc%5Etfw\">27 de abril de 2022<\/a><\/blockquote><\/div>\n<\/div><\/figure>\n\n\n\n<p>\u00abLa salud de las y los oaxaque\u00f1os es lo m\u00e1s importante para m\u00ed y ser\u00e1 una tarea en la que pondr\u00e9 todo mi empe\u00f1o, porque los pueblos originarios deben contar con servicios de salud de calidad para mejorar sus condiciones de vida\u00bb, sostuvo.<\/p>\n\n\n\n<p>Mientras tanto, en la Agencia de Polic\u00eda de Yuvila, perteneciente al municipio de Santa Catarina Ixtepeji, el \u201cTriple A\u201d dijo que las jefas de familia recibir\u00e1n un subsidio del 30% para el pago del recibo de luz, de internet &nbsp;y del tanque de gas, para que a trav\u00e9s de este apoyo logren disminuir los gastos de la econom\u00eda familiar.<\/p>\n\n\n\n<p>En compa\u00f1\u00eda del presidente nacional del PRD, Jes\u00fas&nbsp;Zambrano, y de liderazgos sociales de la zona, el abanderado tricolor a la gubernatura de Oaxaca, inform\u00f3 que las y los estudiantes universitarios que se encuentren en sus \u00faltimos semestres o reci\u00e9n egresados, tendr\u00e1n su primer trabajo asegurado con el programa \u00abTu Primer Empleo\u00bb, en el que participar\u00e1n &nbsp;universidades, el sector privado y gobierno a fin de generar vacantes dignas y ampliar el mercado laboral.<\/p>\n\n\n\n<p>Durante esta gira, Alejandro Avil\u00e9s \u00c1lvarez, tambi\u00e9n visit\u00f3 el municipio de Santo Domingo Tepuxtepec, donde fue arropado por l\u00edderes y organizaciones priistas de las comunidades de San Pedro y San Pablo Ayutla, Tamazulapam del Esp\u00edritu Santo, Santiago Zacatepec y Santa Mar\u00eda Tlahuitoltepec.<\/p>\n","protected":false},"excerpt":{"rendered":"<p>Redacci\u00f3n\/Zona Roja.&nbsp; Oaxaca de Ju\u00e1rez, Oax. 26 de abril de 2022.-&nbsp;Desde las monta\u00f1as de San&hellip;<\/p>\n","protected":false},"author":2,"featured_media":40489,"comment_status":"closed","ping_status":"open","sticky":false,"template":"","format":"standard","meta":{"_lmt_disableupdate":"","_lmt_disable":"","_jetpack_memberships_contains_paid_content":false,"footnotes":""},"categories":[109,46],"tags":[],"class_list":["post-40490","post","type-post","status-publish","format-standard","has-post-thumbnail","hentry","category-minuto-a-minuto","category-zona-blanca"],"jetpack_featured_media_url":"https:\/\/zonaroja.com.mx\/wp-content\/uploads\/2022\/04\/img_4617.jpg","jetpack_sharing_enabled":true,"_links":{"self":[{"href":"https:\/\/zonaroja.com.mx\/index.php?rest_route=\/wp\/v2\/posts\/40490","targetHints":{"allow":["GET"]}}],"collection":[{"href":"https:\/\/zonaroja.com.mx\/index.php?rest_route=\/wp\/v2\/posts"}],"about":[{"href":"https:\/\/zonaroja.com.mx\/index.php?rest_route=\/wp\/v2\/types\/post"}],"author":[{"embeddable":true,"href":"https:\/\/zonaroja.com.mx\/index.php?rest_route=\/wp\/v2\/users\/2"}],"replies":[{"embeddable":true,"href":"https:\/\/zonaroja.com.mx\/index.php?rest_route=%2Fwp%2Fv2%2Fcomments&post=40490"}],"version-history":[{"count":1,"href":"https:\/\/zonaroja.com.mx\/index.php?rest_route=\/wp\/v2\/posts\/40490\/revisions"}],"predecessor-version":[{"id":40491,"href":"https:\/\/zonaroja.com.mx\/index.php?rest_route=\/wp\/v2\/posts\/40490\/revisions\/40491"}],"wp:featuredmedia":[{"embeddable":true,"href":"https:\/\/zonaroja.com.mx\/index.php?rest_route=\/wp\/v2\/media\/40489"}],"wp:attachment":[{"href":"https:\/\/zonaroja.com.mx\/index.php?rest_route=%2Fwp%2Fv2%2Fmedia&parent=40490"}],"wp:term":[{"taxonomy":"category","embeddable":true,"href":"https:\/\/zonaroja.com.mx\/index.php?rest_route=%2Fwp%2Fv2%2Fcategories&post=40490"},{"taxonomy":"post_tag","embeddable":true,"href":"https:\/\/zonaroja.com.mx\/index.php?rest_route=%2Fwp%2Fv2%2Ftags&post=40490"}],"curies":[{"name":"wp","href":"https:\/\/api.w.org\/{rel}","templated":true}]}}