{"id":40495,"date":"2022-04-27T17:02:25","date_gmt":"2022-04-27T22:02:25","guid":{"rendered":"http:\/\/www.zonaroja.com.mx\/?p=40495"},"modified":"2022-04-27T17:02:26","modified_gmt":"2022-04-27T22:02:26","slug":"desde-los-pueblos-jara-dara-el-debate-de-ideas-para-la-transformacion-de-oaxaca","status":"publish","type":"post","link":"https:\/\/zonaroja.com.mx\/?p=40495","title":{"rendered":"Desde los pueblos, Jara dar\u00e1 el debate de ideas para la transformaci\u00f3n de Oaxaca"},"content":{"rendered":"\n<p>Yuridiana Sosa\/Zona Roja.<\/p>\n\n\n\n<p>Oaxaca de Ju\u00e1rez, Oax., 27 de abril de 2022.- Luego de la cancelaci\u00f3n del primer debate para la gubernatura de Oaxaca el pasado domingo, el candidato de la coalici\u00f3n \u201cJuntos hacemos historia\u201d, Salom\u00f3n Jara Cruz, apunt\u00f3 que continuar\u00e1 con su exposici\u00f3n de ideas desde las comunidades, pero abierto y preparado para asistir a la segunda fecha programada.<\/p>\n\n\n\n<p>Jara Cruz retom\u00f3 este mi\u00e9rcoles sus actividades de campa\u00f1a con una conferencia de prensa, en la que lament\u00f3 que el debate no se llevara a cabo, al que no asisti\u00f3 ante el fallecimiento de su padre ese mismo d\u00eda, sin embargo, estaba preparado para el ejercicio al que considera un instrumento importante en este proceso.<\/p>\n\n\n\n<p>Es por ello que seguir\u00e1 con el planteamiento de sus propuestas por los municipios de Oaxaca, donde su debate frente a la gente es \u201cseguir con m\u00e1s de lo mismo o un proyecto nuevo con un gobierno desde abajo, alternativo y de transformaci\u00f3n profunda para Oaxaca\u201d.<\/p>\n\n\n\n<p>\u201cYo seguir\u00e9 mi ruta, no me voy a meter en guerras sucias\u201d, se\u00f1al\u00f3 el candidato de Morena-PVEM-PT-PUP, quien reiter\u00f3 su respeto a la decisi\u00f3n del IEEPCO sobre la improcedencia de no poder reprogramar el primer debate.<\/p>\n\n\n\n<figure class=\"wp-block-embed is-type-rich is-provider-twitter wp-block-embed-twitter\"><div class=\"wp-block-embed__wrapper\">\n<div class=\"twitter-tweet\"><blockquote class=\"twitter-tweet\" data-lang=\"es\"><p lang=\"es\" dir=\"ltr\"><a href=\"https:\/\/twitter.com\/hashtag\/ENVIVO?src=hash&amp;ref_src=twsrc%5Etfw\">#ENVIVO<\/a> <br>Oaxaca de Ju\u00e1rez, Oax.. 27 de abril de 2022.- Conferencia de prensa de Salom\u00f3n Jara Cruz (<a href=\"https:\/\/twitter.com\/salomonj?ref_src=twsrc%5Etfw\">@salomonj<\/a>), candidato a gobernador por Morena, PVEM, PT y PUP.<br>Siga aqu\u00ed la transmisi\u00f3n:<br>\ud83d\udc47<a href=\"https:\/\/t.co\/HX8xtSvkmp\">https:\/\/t.co\/HX8xtSvkmp<\/a><\/p>&mdash; Zona Roja Oaxaca (@ZonaRoja_Oaxaca) <a href=\"https:\/\/twitter.com\/ZonaRoja_Oaxaca\/status\/1519329529159766016?ref_src=twsrc%5Etfw\">27 de abril de 2022<\/a><\/blockquote><\/div>\n<\/div><\/figure>\n\n\n\n<p>INSEGURIDAD Y MALOS GOBIERNOS<\/p>\n\n\n\n<p>El candidato de Morena se\u00f1al\u00f3 la preocupante realidad que vive el estado en torno a la inseguridad, misma que ha permeado en la capital oaxaque\u00f1a, principalmente con delitos contra las mujeres, como es el feminicidio.<\/p>\n\n\n\n<p>Del tr\u00e1gico escenario en Oaxaca de Ju\u00e1rez, Salom\u00f3n Jara reconoci\u00f3 el p\u00e9simo gobierno que encabez\u00f3 el ex presidente Oswaldo Garc\u00eda Jarqu\u00edn, de Morena, una de las peores administraciones que ha tenido el movimiento de la 4T y a partir de ah\u00ed los hechos han ido al alza, pero conf\u00eda que con Francisco Mart\u00ednez Neri, al frente de la presidencia de la capital, la situaci\u00f3n se transforme a bien.<\/p>\n\n\n\n<p>Pero la crisis en capital tambi\u00e9n es consecuencia de un mal gobierno estatal encabezado por Alejandro Murat Hinojosa, apunt\u00f3.<\/p>\n\n\n\n<p>Pues desde su perspectiva existe un gobierno desvinculado de los hechos que ocurren en Oaxaca de Ju\u00e1rez, como en otros municipios, del que no se hace responsable ni de las acciones para impulsar mejoras a la entidad ni de la seguridad.<\/p>\n","protected":false},"excerpt":{"rendered":"<p>Yuridiana Sosa\/Zona Roja. Oaxaca de Ju\u00e1rez, Oax., 27 de abril de 2022.- Luego de la&hellip;<\/p>\n","protected":false},"author":2,"featured_media":40496,"comment_status":"closed","ping_status":"open","sticky":false,"template":"","format":"standard","meta":{"_lmt_disableupdate":"","_lmt_disable":"","_jetpack_memberships_contains_paid_content":false,"footnotes":""},"categories":[109,46],"tags":[939],"class_list":["post-40495","post","type-post","status-publish","format-standard","has-post-thumbnail","hentry","category-minuto-a-minuto","category-zona-blanca","tag-salomon-jara-cruz"],"jetpack_featured_media_url":"https:\/\/zonaroja.com.mx\/wp-content\/uploads\/2022\/04\/Conferencia-de-prensa-Salomon-Jara-1.jpg","jetpack_sharing_enabled":true,"_links":{"self":[{"href":"https:\/\/zonaroja.com.mx\/index.php?rest_route=\/wp\/v2\/posts\/40495","targetHints":{"allow":["GET"]}}],"collection":[{"href":"https:\/\/zonaroja.com.mx\/index.php?rest_route=\/wp\/v2\/posts"}],"about":[{"href":"https:\/\/zonaroja.com.mx\/index.php?rest_route=\/wp\/v2\/types\/post"}],"author":[{"embeddable":true,"href":"https:\/\/zonaroja.com.mx\/index.php?rest_route=\/wp\/v2\/users\/2"}],"replies":[{"embeddable":true,"href":"https:\/\/zonaroja.com.mx\/index.php?rest_route=%2Fwp%2Fv2%2Fcomments&post=40495"}],"version-history":[{"count":1,"href":"https:\/\/zonaroja.com.mx\/index.php?rest_route=\/wp\/v2\/posts\/40495\/revisions"}],"predecessor-version":[{"id":40497,"href":"https:\/\/zonaroja.com.mx\/index.php?rest_route=\/wp\/v2\/posts\/40495\/revisions\/40497"}],"wp:featuredmedia":[{"embeddable":true,"href":"https:\/\/zonaroja.com.mx\/index.php?rest_route=\/wp\/v2\/media\/40496"}],"wp:attachment":[{"href":"https:\/\/zonaroja.com.mx\/index.php?rest_route=%2Fwp%2Fv2%2Fmedia&parent=40495"}],"wp:term":[{"taxonomy":"category","embeddable":true,"href":"https:\/\/zonaroja.com.mx\/index.php?rest_route=%2Fwp%2Fv2%2Fcategories&post=40495"},{"taxonomy":"post_tag","embeddable":true,"href":"https:\/\/zonaroja.com.mx\/index.php?rest_route=%2Fwp%2Fv2%2Ftags&post=40495"}],"curies":[{"name":"wp","href":"https:\/\/api.w.org\/{rel}","templated":true}]}}