{"id":4050,"date":"2019-09-17T11:24:43","date_gmt":"2019-09-17T16:24:43","guid":{"rendered":"https:\/\/www.zonaroja.com.mx\/?p=4050"},"modified":"2019-09-17T11:28:44","modified_gmt":"2019-09-17T16:28:44","slug":"y-la-autoestima-regreso-a-ellos-con-su-protesis-ocular","status":"publish","type":"post","link":"https:\/\/zonaroja.com.mx\/?p=4050","title":{"rendered":"Y la autoestima regres\u00f3 a ellos con su pr\u00f3tesis ocular"},"content":{"rendered":"\n<p>Redacci\u00f3n\/Zona Roja. <\/p>\n\n\n\n<p>Oaxaca de Ju\u00e1rez, Oax., 17 de septiembre de 2019.- Desde ahora, atr\u00e1s quedaron las burlas, la timidez, el deseo de quedarse encerrado en casa para no ser visto raro. <\/p>\n\n\n\n<p>Con apoyo de la UNAM, el DIF Oaxaca llev\u00f3 el fin de semana pr\u00f3tesis oculares, cuyo costo oscila entre 30 y 50 mil pesos y que fueron donados a 54 coste\u00f1os. <\/p>\n\n\n\n<p>Fue all\u00e1 en Puerto Escondido donde se realiz\u00f3 el acto oficial, que presidi\u00f3 Ivette Murat Hinojosa. Y sin m\u00e1s, con la franqueza que le caracteriza, tal y c\u00f3mo es, solt\u00f3&#8230;<\/p>\n\n\n\n<p>\u00abCuando mi esposo andaba en campa\u00f1a me dijo, \u2018Quiero ser gobernador para ayudar a Oaxaca\u2019, le dije s\u00ed puedes, tienes dos manos, y aqu\u00ed est\u00e1n las dos m\u00edas para trabajar juntos y qu\u00e9 la \u00fanica intenci\u00f3n sea tener un mejor Oaxaca\u00bb.<br \/>As\u00ed se escuch\u00f3 a trav\u00e9s de las bocinas instaladas bajo una palapa en las instalaciones de la biblioteca P\u00fablica \u00abAmado Nervo\u00bb en Puerto Escondido, en d\u00f3nde un grupo de m\u00e9dicos de la Universidad Nacional Aut\u00f3noma de M\u00e9xico (UNAM), colocar\u00eda a 54 coste\u00f1os pr\u00f3tesis oculares, que no s\u00f3lo les dar\u00edan a estas personas un alivio a su problema facial y visual, sino que iniciar\u00eda el proceso para recobrar su autoestima y reintegrarse a la vida que todo ser humano merece.<br \/> Y la presidenta del Sistema Estatal del DIF, Ivette Mor\u00e1n de Murat, les precis\u00f3:<br \/>\u00abEste es un trabajo de todos, no es s\u00f3lo del gobernador Alejandro Murat, son las autoridades estatales en su conjunto, las autoridades municipales y ahora, de una gran instituci\u00f3n como es la UNAM, orgullo de los mexicanos\u201d.<br \/>Mirando de frente al jefe del grupo de 14 especialistas en oftalmolog\u00eda de la UNAM, Ren\u00e9 Jim\u00e9nez Castillo, le dijo: \u00abAgradezco a usted doctor y a todo su grupo de especialistas, es gracias a ustedes que podemos hacer este tipo de jornadas m\u00e9dicas\u00bb.<br \/> Y abund\u00f3: \u00abA qui\u00e9nes est\u00e1n aqu\u00ed, quiero decirles que la ayuda de la UNAM a trav\u00e9s de este programa m\u00e9dico, nos da m\u00e1s impulso para seguir trabajando por los oaxaque\u00f1os que m\u00e1s lo necesitan.<br \/>\u201cCada pr\u00f3tesis tiene un valor de entre 30 y 50 mil pesos\u201d.<\/p>\n\n\n\n<p>Pero la falta de esta cantidad de dinero y acceder a una pr\u00f3tesis, ocasionaba que muchas personas se vieran frustradas hasta en su autoestima.<br \/>Ahora, empezar\u00e1n a recobrarla, al serles colocada su pr\u00f3tesis sin ning\u00fan costo.<br \/> \u00abEn el DIF estatal, estamos haciendo el trabajo ordinario para que a Oaxaca, le vaya bien. Es nuestra obligaci\u00f3n como DIF, tocar puertas; hay muchas que no se han abierto, pero tocando juntos c\u00f3mo en familia, s\u00ed podemos. A los m\u00e9dicos, muchas gracias por ayudar a Oaxaca\u201d, les dijo. <br \/> Y fue espont\u00e1neo el aplauso y agradecimiento de los coste\u00f1os encabezados por su presidente municipal Fredy Gil Pineda, mientras el doctor Ren\u00e9 Jim\u00e9nez Castillo, jefe de la misi\u00f3n de m\u00e9dicos de la UNAM, tomaba el micr\u00f3fono y a nombre de la m\u00e1xima casa de estudios de M\u00e9xico, le reconoci\u00f3 a la presidenta del Sistema DIF Oaxaca se\u00f1ora Ivette Mor\u00e1n de Murat, su trabajo.<br \/> \u00abNo en todos los estados de la tep\u00fablica se trabaja c\u00f3mo en el DIF Oaxaca, gracias por su disposici\u00f3n y esa personalidad, se\u00f1ora, le dijo.<br \/> Bajo la palapa retumb\u00f3 \u201c\u00a1Goya, Goya, Cach\u00fan cach\u00fan, ra ra, Goya, Goya, Universidad!\u201d.<\/p>\n\n\n\n<p><\/p>\n","protected":false},"excerpt":{"rendered":"<p>Redacci\u00f3n\/Zona Roja. Oaxaca de Ju\u00e1rez, Oax., 17 de septiembre de 2019.- Desde ahora, atr\u00e1s quedaron&hellip;<\/p>\n","protected":false},"author":2,"featured_media":4049,"comment_status":"closed","ping_status":"open","sticky":false,"template":"","format":"standard","meta":{"_lmt_disableupdate":"","_lmt_disable":"","_jetpack_memberships_contains_paid_content":false,"footnotes":""},"categories":[1],"tags":[],"class_list":["post-4050","post","type-post","status-publish","format-standard","has-post-thumbnail","hentry","category-sin-categoria"],"jetpack_featured_media_url":"https:\/\/zonaroja.com.mx\/wp-content\/uploads\/2019\/09\/cdde174a-f286-447b-8668-1621bdcef6b6.jpg","jetpack_sharing_enabled":true,"_links":{"self":[{"href":"https:\/\/zonaroja.com.mx\/index.php?rest_route=\/wp\/v2\/posts\/4050","targetHints":{"allow":["GET"]}}],"collection":[{"href":"https:\/\/zonaroja.com.mx\/index.php?rest_route=\/wp\/v2\/posts"}],"about":[{"href":"https:\/\/zonaroja.com.mx\/index.php?rest_route=\/wp\/v2\/types\/post"}],"author":[{"embeddable":true,"href":"https:\/\/zonaroja.com.mx\/index.php?rest_route=\/wp\/v2\/users\/2"}],"replies":[{"embeddable":true,"href":"https:\/\/zonaroja.com.mx\/index.php?rest_route=%2Fwp%2Fv2%2Fcomments&post=4050"}],"version-history":[{"count":2,"href":"https:\/\/zonaroja.com.mx\/index.php?rest_route=\/wp\/v2\/posts\/4050\/revisions"}],"predecessor-version":[{"id":4052,"href":"https:\/\/zonaroja.com.mx\/index.php?rest_route=\/wp\/v2\/posts\/4050\/revisions\/4052"}],"wp:featuredmedia":[{"embeddable":true,"href":"https:\/\/zonaroja.com.mx\/index.php?rest_route=\/wp\/v2\/media\/4049"}],"wp:attachment":[{"href":"https:\/\/zonaroja.com.mx\/index.php?rest_route=%2Fwp%2Fv2%2Fmedia&parent=4050"}],"wp:term":[{"taxonomy":"category","embeddable":true,"href":"https:\/\/zonaroja.com.mx\/index.php?rest_route=%2Fwp%2Fv2%2Fcategories&post=4050"},{"taxonomy":"post_tag","embeddable":true,"href":"https:\/\/zonaroja.com.mx\/index.php?rest_route=%2Fwp%2Fv2%2Ftags&post=4050"}],"curies":[{"name":"wp","href":"https:\/\/api.w.org\/{rel}","templated":true}]}}