{"id":40502,"date":"2022-04-27T17:51:30","date_gmt":"2022-04-27T22:51:30","guid":{"rendered":"http:\/\/www.zonaroja.com.mx\/?p=40502"},"modified":"2022-04-27T17:51:32","modified_gmt":"2022-04-27T22:51:32","slug":"exige-ex-edil-de-miahuatlan-limpiar-su-nombre-tras-acusacion-del-fpr","status":"publish","type":"post","link":"https:\/\/zonaroja.com.mx\/?p=40502","title":{"rendered":"Exige ex edil de Miahuatl\u00e1n limpiar su nombre, tras acusaci\u00f3n del FPR"},"content":{"rendered":"\n<p>Redacci\u00f3n\/Zona Roja.<\/p>\n\n\n\n<p>Oaxaca de Ju\u00e1rez, Oax., 27 de abril de 2022.- El ex presidente municipal de Miahuatl\u00e1n de Porfirio D\u00edaz, Genaro Esa\u00fa Hern\u00e1ndez Jim\u00e9nez, se deslind\u00f3 de las acusaciones de haber participado en el crimen de Tom\u00e1s Mart\u00ednez Pinacho y pidi\u00f3 al Frente Popular Revolucionario (FPR) presentar las pruebas de sus dichos o en su caso retractarse.<\/p>\n\n\n\n<p>Mediante una carta p\u00fablica dirigida a las organizaciones sociales y de derechos humanos, as\u00ed como a la Fiscal\u00eda General del Estado de Oaxaca y a la Defensor\u00eda de los Derechos Humanos, precis\u00f3 que mantuvo trato cordial con quien convivi\u00f3 en la administraci\u00f3n municipal.<\/p>\n\n\n\n<p>Y es que la v\u00edspera, el dirigente del FPR, Macario Otalo Padilla, y Eustaquio Barrios Santiago, acusaron que Genaro Esa\u00fa habr\u00eda participado en el crimen de Tom\u00e1s Mart\u00ednez, dirigente regional de dicha organizaci\u00f3n.<\/p>\n\n\n\n<p>\u201cDeben presentar las pruebas de lo que aseveran, porque justamente en esta coyuntura electoral inician otra vez con se\u00f1alamientos de un hecho lamentable ocurrido hace m\u00e1s de un a\u00f1o y medio, reiterando que si ellos tienen prueba de sus dichos que los hagan llegar a las autoridades correspondientes\u201d, expuso.<\/p>\n\n\n\n<p>Detall\u00f3 que conoci\u00f3 a Mart\u00ednez Pinacho en el a\u00f1o 2006 y que trabajaron de manera conjunta desde el a\u00f1o 2011, en que el hoy occiso fue regidor de Desarrollo Rural del ayuntamiento de Miahuatl\u00e1n, en el periodo 2017-2018 y 2019-2020.<\/p>\n\n\n\n<p>\u201cExistiendo siempre el di\u00e1logo, respeto y solidaridad, al igual que con otros dirigentes pol\u00edticos y sociales a quienes siempre se les apoy\u00f3 en sus gestiones y obtenci\u00f3n de recursos.<\/p>\n\n\n\n<p>\u201cCabe mencionar que uno de mis principios es que para lograr la paz debe existir justicia jur\u00eddica y social con respeto a los derechos humanos. Creo en las leyes y en las instituciones de mi pa\u00eds y de mi estado. Soy hijo y padre de familia. Soy ciudadano con todos mis derechos constitucionales que me otorgan la libertad de participaci\u00f3n en el espacio que yo decida.<\/p>\n\n\n\n<p>\u201cPor lo anterior me deslindo de las acusaciones de Macario Otalo Padilla y Eustaquio Barrios Santiago, a quienes responsabilizo de cualquier agresi\u00f3n a mi persona y de mi familia, ya que, con sus acusaciones,&nbsp;difamaciones,&nbsp;calumnias y campa\u00f1a de odio, da\u00f1an a mi persona ante las&nbsp;organizaciones sociales&nbsp;y la opini\u00f3n p\u00fablica.&nbsp;<\/p>\n\n\n\n<p>\u201cTambi\u00e9n solicito de manera respetuosa a la&nbsp;Fiscal\u00eda General&nbsp;del Estado de Oaxaca contin\u00fae con las investigaciones correspondientes para esclarecer el asesinato de Tom\u00e1s Mart\u00ednez Pinacho, remarc\u00f3 Genaro Esa\u00fa Hern\u00e1ndez Jim\u00e9nez en su carta p\u00fablica.<\/p>\n","protected":false},"excerpt":{"rendered":"<p>Redacci\u00f3n\/Zona Roja. Oaxaca de Ju\u00e1rez, Oax., 27 de abril de 2022.- El ex presidente municipal&hellip;<\/p>\n","protected":false},"author":2,"featured_media":40503,"comment_status":"closed","ping_status":"open","sticky":false,"template":"","format":"standard","meta":{"_lmt_disableupdate":"","_lmt_disable":"","_jetpack_memberships_contains_paid_content":false,"footnotes":""},"categories":[109,46],"tags":[1954],"class_list":["post-40502","post","type-post","status-publish","format-standard","has-post-thumbnail","hentry","category-minuto-a-minuto","category-zona-blanca","tag-tomas-martinez-pinacho"],"jetpack_featured_media_url":"https:\/\/zonaroja.com.mx\/wp-content\/uploads\/2022\/04\/Miahuatlan-Genaro-Esau-Hernandez.jpg","jetpack_sharing_enabled":true,"_links":{"self":[{"href":"https:\/\/zonaroja.com.mx\/index.php?rest_route=\/wp\/v2\/posts\/40502","targetHints":{"allow":["GET"]}}],"collection":[{"href":"https:\/\/zonaroja.com.mx\/index.php?rest_route=\/wp\/v2\/posts"}],"about":[{"href":"https:\/\/zonaroja.com.mx\/index.php?rest_route=\/wp\/v2\/types\/post"}],"author":[{"embeddable":true,"href":"https:\/\/zonaroja.com.mx\/index.php?rest_route=\/wp\/v2\/users\/2"}],"replies":[{"embeddable":true,"href":"https:\/\/zonaroja.com.mx\/index.php?rest_route=%2Fwp%2Fv2%2Fcomments&post=40502"}],"version-history":[{"count":1,"href":"https:\/\/zonaroja.com.mx\/index.php?rest_route=\/wp\/v2\/posts\/40502\/revisions"}],"predecessor-version":[{"id":40504,"href":"https:\/\/zonaroja.com.mx\/index.php?rest_route=\/wp\/v2\/posts\/40502\/revisions\/40504"}],"wp:featuredmedia":[{"embeddable":true,"href":"https:\/\/zonaroja.com.mx\/index.php?rest_route=\/wp\/v2\/media\/40503"}],"wp:attachment":[{"href":"https:\/\/zonaroja.com.mx\/index.php?rest_route=%2Fwp%2Fv2%2Fmedia&parent=40502"}],"wp:term":[{"taxonomy":"category","embeddable":true,"href":"https:\/\/zonaroja.com.mx\/index.php?rest_route=%2Fwp%2Fv2%2Fcategories&post=40502"},{"taxonomy":"post_tag","embeddable":true,"href":"https:\/\/zonaroja.com.mx\/index.php?rest_route=%2Fwp%2Fv2%2Ftags&post=40502"}],"curies":[{"name":"wp","href":"https:\/\/api.w.org\/{rel}","templated":true}]}}