{"id":40512,"date":"2022-04-27T21:43:17","date_gmt":"2022-04-28T02:43:17","guid":{"rendered":"http:\/\/www.zonaroja.com.mx\/?p=40512"},"modified":"2022-04-27T21:43:19","modified_gmt":"2022-04-28T02:43:19","slug":"acepta-fiscalia-de-nuevo-leon-fallas-en-indagatorias-de-caso-debanhi-y-cesa-a-dos","status":"publish","type":"post","link":"https:\/\/zonaroja.com.mx\/?p=40512","title":{"rendered":"Acepta Fiscal\u00eda de Nuevo Le\u00f3n fallas en indagatorias de caso Debanhi y cesa a dos"},"content":{"rendered":"\n<p>Redacci\u00f3n\/Zona Roja Cdmx.<\/p>\n\n\n\n<p>Ciudad de M\u00e9xico, 27 de abril de 2022.- La Fiscal\u00eda General de del Estado de Nuevo Le\u00f3n admiti\u00f3 deficiencias sobre el caso de la desaparici\u00f3n y muerte de la joven Debanhi Escobar, por lo que determin\u00f3 remover a los titulares de la Fiscal\u00eda de Personas Desaparecidas y de la Fiscal\u00eda Antisecuestros por \u00abomisiones\u00bb en las investigaciones.<\/p>\n\n\n\n<p>Esta tarde, durante una conferencia de prensa para ofrecer detalles sobre el caso de Debanhi, el fiscal general de Nuevo Le\u00f3n, Gustavo Adolfo Guerrero, se\u00f1al\u00f3 que la investigaci\u00f3n no ha concluido y ofreci\u00f3 al se\u00f1or Mario Escobar, padre de la joven, \u2018todo el apoyo\u2019 para esclarecer el caso.<\/p>\n\n\n\n<p>El funcionario agreg\u00f3 que, en caso de que alg\u00fan otro funcionario haya incurrido en omisi\u00f3n, tambi\u00e9n ser\u00e1 sancionado y que la dependencia abrir\u00e1 procesos de investigaci\u00f3n por responsabilidad sobre todas las personas que participaron en la b\u00fasqueda de Debanhi, debido a las omisiones y errores registradas en el operativo.<\/p>\n\n\n\n<p>\u201cTodas las personas que intervinieron en el proceso de b\u00fasqueda y por algunas omisiones y errores, se tom\u00f3 la decisi\u00f3n de una forma muy en\u00e9rgica la remoci\u00f3n del cargo del fiscal especializado en personas desaparecidas, Roberto Salinas y del Fiscal Antisecuestros\u201d, detall\u00f3 el Fiscal Gustavo Adolfo Guerrero.<\/p>\n\n\n\n<figure class=\"wp-block-embed is-type-rich is-provider-twitter wp-block-embed-twitter\"><div class=\"wp-block-embed__wrapper\">\n<div class=\"twitter-tweet\"><blockquote class=\"twitter-tweet\" data-lang=\"es\"><p lang=\"es\" dir=\"ltr\"><a href=\"https:\/\/twitter.com\/hashtag\/JusticiaParaDebanhi?src=hash&amp;ref_src=twsrc%5Etfw\">#JusticiaParaDebanhi<\/a><br>Durante la conferencia de la Fiscal\u00eda General de Nuevo Le\u00f3n se dieron a conocer tambi\u00e9n varios videos in\u00e9ditos, de los \u00faltimos minutos de la joven Debanhi. <a href=\"https:\/\/t.co\/vHr8KcnCAA\">pic.twitter.com\/vHr8KcnCAA<\/a><\/p>&mdash; Zona Roja Oaxaca (@ZonaRoja_Oaxaca) <a href=\"https:\/\/twitter.com\/ZonaRoja_Oaxaca\/status\/1519428671102242817?ref_src=twsrc%5Etfw\">27 de abril de 2022<\/a><\/blockquote><\/div>\n<\/div><\/figure>\n\n\n\n<p>\u201cLa investigaci\u00f3n no ha terminado, estamos en un proceso, d\u00eda a d\u00eda hemos estado recopilando datos de prueba\u201d, dijo el fiscal Guerrero Guti\u00e9rrez.<\/p>\n\n\n\n<p>La Fiscal\u00eda General de Justicia de Nuevo Le\u00f3n se\u00f1al\u00f3 que no cuentan con ning\u00fan video que muestre la presunta ca\u00edda de Debanhi en la cisterna situada al interior del motel Nueva Castilla, ubicado sobre la carretera a Laredo, en Escobedo.<\/p>\n\n\n\n<p>El fiscal, Adolfo Guerrero Guti\u00e9rrez, asegur\u00f3 que los \u00fanicos materiales audiovisuales de los cuales disponen muestran a la hoy occisa en el interior del motel antes mencionado, pero en la zona del restaurante en desuso.<\/p>\n\n\n\n<p>Sin embargo, Eduardo Villag\u00f3mez Jasso, coordinador del Servicio M\u00e9dico Forense, afirm\u00f3 que Debanhi \u201ccay\u00f3 con vida a la cisterna, tuvo oportunidad de reaccionar, no ten\u00eda agua en los pulmones, porque se par\u00f3, eran 90 cent\u00edmetros\u00bb.<\/p>\n\n\n\n<p>Asimismo, dijo que Debanhi ten\u00eda entre 5 d\u00edas y dos semanas de muerta cuando fue hallada en la cisterna del motel.<\/p>\n\n\n\n<p>La causa de la muerte fue contusi\u00f3n profunda de cr\u00e1neo y nosotros le dimos una data de muerte de 5 d\u00edas a dos semanas\u201d, agreg\u00f3 el coordinador.<\/p>\n\n\n\n<p>La Fiscal\u00eda tambi\u00e9n recalc\u00f3 que mientras Debanhi deambulaba por la estructura del restaurante, no fue vista ninguna otra persona m\u00e1s, y eso fue mostrado por los videos expuestos este mi\u00e9rcoles en conferencia de prensa.<\/p>\n\n\n\n<p>(Informaci\u00f3n de \u00abExc\u00e9lsior\u00bb)<\/p>\n","protected":false},"excerpt":{"rendered":"<p>Redacci\u00f3n\/Zona Roja Cdmx. Ciudad de M\u00e9xico, 27 de abril de 2022.- La Fiscal\u00eda General de&hellip;<\/p>\n","protected":false},"author":2,"featured_media":40513,"comment_status":"closed","ping_status":"open","sticky":false,"template":"","format":"standard","meta":{"_lmt_disableupdate":"","_lmt_disable":"","_jetpack_memberships_contains_paid_content":false,"footnotes":""},"categories":[109,47],"tags":[3118],"class_list":["post-40512","post","type-post","status-publish","format-standard","has-post-thumbnail","hentry","category-minuto-a-minuto","category-zona-gris","tag-debanhi-escobar"],"jetpack_featured_media_url":"https:\/\/zonaroja.com.mx\/wp-content\/uploads\/2022\/04\/Buscan-a-Debanhi-en-un-pozo-de-un-terreno-baldio-cercano-al-motel-\u2018Nueva-Castilla.png.webp","jetpack_sharing_enabled":true,"_links":{"self":[{"href":"https:\/\/zonaroja.com.mx\/index.php?rest_route=\/wp\/v2\/posts\/40512","targetHints":{"allow":["GET"]}}],"collection":[{"href":"https:\/\/zonaroja.com.mx\/index.php?rest_route=\/wp\/v2\/posts"}],"about":[{"href":"https:\/\/zonaroja.com.mx\/index.php?rest_route=\/wp\/v2\/types\/post"}],"author":[{"embeddable":true,"href":"https:\/\/zonaroja.com.mx\/index.php?rest_route=\/wp\/v2\/users\/2"}],"replies":[{"embeddable":true,"href":"https:\/\/zonaroja.com.mx\/index.php?rest_route=%2Fwp%2Fv2%2Fcomments&post=40512"}],"version-history":[{"count":1,"href":"https:\/\/zonaroja.com.mx\/index.php?rest_route=\/wp\/v2\/posts\/40512\/revisions"}],"predecessor-version":[{"id":40514,"href":"https:\/\/zonaroja.com.mx\/index.php?rest_route=\/wp\/v2\/posts\/40512\/revisions\/40514"}],"wp:featuredmedia":[{"embeddable":true,"href":"https:\/\/zonaroja.com.mx\/index.php?rest_route=\/wp\/v2\/media\/40513"}],"wp:attachment":[{"href":"https:\/\/zonaroja.com.mx\/index.php?rest_route=%2Fwp%2Fv2%2Fmedia&parent=40512"}],"wp:term":[{"taxonomy":"category","embeddable":true,"href":"https:\/\/zonaroja.com.mx\/index.php?rest_route=%2Fwp%2Fv2%2Fcategories&post=40512"},{"taxonomy":"post_tag","embeddable":true,"href":"https:\/\/zonaroja.com.mx\/index.php?rest_route=%2Fwp%2Fv2%2Ftags&post=40512"}],"curies":[{"name":"wp","href":"https:\/\/api.w.org\/{rel}","templated":true}]}}