{"id":40515,"date":"2022-04-28T10:03:00","date_gmt":"2022-04-28T15:03:00","guid":{"rendered":"http:\/\/www.zonaroja.com.mx\/?p=40515"},"modified":"2022-04-28T06:42:35","modified_gmt":"2022-04-28T11:42:35","slug":"banda-musical-de-alotepec-mixe-cumple-sueno-y-graba-su-primer-disco","status":"publish","type":"post","link":"https:\/\/zonaroja.com.mx\/?p=40515","title":{"rendered":"Banda musical de Alotepec Mixe cumple sue\u00f1o y graba su primer disco"},"content":{"rendered":"\n<p>Yuridiana Sosa\/ Zona Roja<\/p>\n\n\n\n<p>Oaxaca de Ju\u00e1rez, Oax., 27 de abril de 2022.-&nbsp;Abrazados en el calor de la fiesta popular-religiosa de la comunidad, la Banda Comunitaria Infantil Juvenil de Santa Mar\u00eda Alotepec Mixe, en la Sierra Norte de Oaxaca, present\u00f3 la grabaci\u00f3n de su primer disco.<\/p>\n\n\n\n<p>Esta semana, en medio de la algarab\u00eda del pueblo, la Banda Comunitaria dio a conocer su material discogr\u00e1fico \u201cEcos y Sonoridades de la Malinche\u201d, proyecto impulsado por el Instituto Nacional de los Pueblos Ind\u00edgenas (INPI).<\/p>\n\n\n\n<p>Los ni\u00f1os y j\u00f3venes del grupo compartieron su m\u00fasica con la Banda Comunitaria de Linda Vista Tamazul\u00e1pam Mixe, quienes juntos interpretaron frente a la comunidad las canciones de este disco, el cual llena de orgullo a las familias serranas.<\/p>\n\n\n\n<p>\u201cEcos y Sonoridades de la Malinche\u201d vio la luz este a\u00f1o, sin embargo, es un esfuerzo de varios meses atr\u00e1s en que participaron las autoridades municipales del a\u00f1o 2021 para aprovechar el Programa de Apoyo para Bandas Comunitarias del INPI.<\/p>\n\n\n\n<p>El resultado representa para los habitantes de Alotepec una muestra de la \u201cbuena voluntad de todos los actores que participan en la comunidad para preservar y mostrar al mundo la cultura Mixe al mundo\u201d, expres\u00f3 el perfil \u201cFiestas de la monta\u00f1a\u201d.<\/p>\n\n\n\n<p>Con este resultado, la cabecera de Santa Mar\u00eda Alotepec se enlista en las localidades de Oaxaca donde el INPI ha ejecutado el Programa de Apoyo para Bandas Comunitarias.<\/p>\n\n\n\n<p>Recientemente, la Banda \u201cAlma Mixe\u201d, de la agencia San Isidro Huay\u00e1pam, del municipio de Santa Mar\u00eda Alotepec, tambi\u00e9n anunci\u00f3 la grabaci\u00f3n de su disco \u00abXuxp\u00eb Wojp\u00eb\u00bb, lanzado el pasado 27 de marzo.<\/p>\n","protected":false},"excerpt":{"rendered":"<p>Yuridiana Sosa\/ Zona Roja Oaxaca de Ju\u00e1rez, Oax., 27 de abril de 2022.-&nbsp;Abrazados en el&hellip;<\/p>\n","protected":false},"author":2,"featured_media":40516,"comment_status":"closed","ping_status":"open","sticky":false,"template":"","format":"standard","meta":{"_lmt_disableupdate":"","_lmt_disable":"","_jetpack_memberships_contains_paid_content":false,"footnotes":""},"categories":[109,46],"tags":[474],"class_list":["post-40515","post","type-post","status-publish","format-standard","has-post-thumbnail","hentry","category-minuto-a-minuto","category-zona-blanca","tag-santa-maria-alotepec-mixe"],"jetpack_featured_media_url":"https:\/\/zonaroja.com.mx\/wp-content\/uploads\/2022\/04\/Banda-Alotepec-Mixe-1.jpg","jetpack_sharing_enabled":true,"_links":{"self":[{"href":"https:\/\/zonaroja.com.mx\/index.php?rest_route=\/wp\/v2\/posts\/40515","targetHints":{"allow":["GET"]}}],"collection":[{"href":"https:\/\/zonaroja.com.mx\/index.php?rest_route=\/wp\/v2\/posts"}],"about":[{"href":"https:\/\/zonaroja.com.mx\/index.php?rest_route=\/wp\/v2\/types\/post"}],"author":[{"embeddable":true,"href":"https:\/\/zonaroja.com.mx\/index.php?rest_route=\/wp\/v2\/users\/2"}],"replies":[{"embeddable":true,"href":"https:\/\/zonaroja.com.mx\/index.php?rest_route=%2Fwp%2Fv2%2Fcomments&post=40515"}],"version-history":[{"count":1,"href":"https:\/\/zonaroja.com.mx\/index.php?rest_route=\/wp\/v2\/posts\/40515\/revisions"}],"predecessor-version":[{"id":40517,"href":"https:\/\/zonaroja.com.mx\/index.php?rest_route=\/wp\/v2\/posts\/40515\/revisions\/40517"}],"wp:featuredmedia":[{"embeddable":true,"href":"https:\/\/zonaroja.com.mx\/index.php?rest_route=\/wp\/v2\/media\/40516"}],"wp:attachment":[{"href":"https:\/\/zonaroja.com.mx\/index.php?rest_route=%2Fwp%2Fv2%2Fmedia&parent=40515"}],"wp:term":[{"taxonomy":"category","embeddable":true,"href":"https:\/\/zonaroja.com.mx\/index.php?rest_route=%2Fwp%2Fv2%2Fcategories&post=40515"},{"taxonomy":"post_tag","embeddable":true,"href":"https:\/\/zonaroja.com.mx\/index.php?rest_route=%2Fwp%2Fv2%2Ftags&post=40515"}],"curies":[{"name":"wp","href":"https:\/\/api.w.org\/{rel}","templated":true}]}}