{"id":40518,"date":"2022-04-28T07:29:11","date_gmt":"2022-04-28T12:29:11","guid":{"rendered":"http:\/\/www.zonaroja.com.mx\/?p=40518"},"modified":"2022-04-28T07:29:12","modified_gmt":"2022-04-28T12:29:12","slug":"aumentan-contagios-y-casos-activos-de-covid-en-oaxaca","status":"publish","type":"post","link":"https:\/\/zonaroja.com.mx\/?p=40518","title":{"rendered":"Aumentan contagios y casos activos de Covid en Oaxaca"},"content":{"rendered":"\n<p>Redacci\u00f3n\/Zona Roja.<\/p>\n\n\n\n<p>Oaxaca de Ju\u00e1rez, Oax. 27 de abril de 2022.- La Jurisdicci\u00f3n Sanitaria n\u00famero tres \u201cTuxtepec\u201d representa la zona con mayor incidencia de contagios activos de Covid-19, en donde al corte de este 27 de abril se tiene detectados 73 casos en etapa de contagio, de un total de 165 que reporta la entidad, informaron los Servicios de Salud de Oaxaca (SSO).<\/p>\n\n\n\n<p>En segundo lugar, se encuentra Valles Centrales con 45 personas que presentaron s\u00edntomas en los \u00faltimos 14 d\u00edas, seguido del Istmo con 31, Mixteca con ocho, Costa con seis y la Sierra con dos.<\/p>\n\n\n\n<p>Ante lo cual, la dependencia exhort\u00f3 a la poblaci\u00f3n, principalmente residentes de la Cuenca del Papaloapan a no confiarse y continuar con las medidas sanitarias contra la pandemia, as\u00ed como acudir a los puestos de vacunaci\u00f3n para completar el esquema de dosis y el esfuerzo correspondiente, a fin de evitar un incremento acelerado de contagios.<\/p>\n\n\n\n<figure class=\"wp-block-embed is-type-rich is-provider-twitter wp-block-embed-twitter\"><div class=\"wp-block-embed__wrapper\">\n<div class=\"twitter-tweet\"><blockquote class=\"twitter-tweet\" data-lang=\"es\"><p lang=\"es\" dir=\"ltr\">El estado de <a href=\"https:\/\/twitter.com\/hashtag\/Oaxaca?src=hash&amp;ref_src=twsrc%5Etfw\">#Oaxaca<\/a> registr\u00f3 ayer mi\u00e9rcoles incremento de casos de Covid: 30 contagios y 165 casos activos; pero, disminuy\u00f3 un caso de defunci\u00f3n.<br>A la fecha suman 119 mil 856 casos confirmados y 6 mil 176 decesos.<br>Hay 4 nosocomios saturados y la ocupaci\u00f3n hospitalaria es de 7.5% <a href=\"https:\/\/t.co\/OyARrrf48c\">pic.twitter.com\/OyARrrf48c<\/a><\/p>&mdash; Zona Roja Oaxaca (@ZonaRoja_Oaxaca) <a href=\"https:\/\/twitter.com\/ZonaRoja_Oaxaca\/status\/1519648678067290113?ref_src=twsrc%5Etfw\">28 de abril de 2022<\/a><\/blockquote><\/div>\n<\/div><\/figure>\n\n\n\n<p>En esta jornada, Oaxaca lleg\u00f3 a los 119 mil 856 casos acumulados del SARS-CoV-2, luego de que en las \u00faltimas 24 horas se reportar\u00e1n 30 personas positivas a este padecimiento.<\/p>\n\n\n\n<p>La instituci\u00f3n tambi\u00e9n agreg\u00f3 que, por actualizaci\u00f3n de plataforma y supervisi\u00f3n de casos duplicados, se tiene notificado un total de seis mil 176 decesos, as\u00ed como 113 mil 515 recuperados.<\/p>\n\n\n\n<p>De los 30 casos nuevos, 11 conciernen a Valles Centrales, tres al Istmo, 15 a Tuxtepec y uno a la Mixteca. Para esta actualizaci\u00f3n se identificaron 10 municipios con positivos en las \u00faltimas 24 horas, principalmente en San Juan Bautista Tuxtepec con 15 y Oaxaca de Ju\u00e1rez con ocho, el resto con una notificaci\u00f3n.<\/p>\n\n\n\n<p>Con relaci\u00f3n a la disponibilidad de camas de hospitalizaci\u00f3n general, la entidad registra el 92.5%, se tiene un total de 26 pacientes hospitalizados, sin ingresos y cuatro nosocomios al 100% de su capacidad.<\/p>\n","protected":false},"excerpt":{"rendered":"<p>Redacci\u00f3n\/Zona Roja. Oaxaca de Ju\u00e1rez, Oax. 27 de abril de 2022.- La Jurisdicci\u00f3n Sanitaria n\u00famero&hellip;<\/p>\n","protected":false},"author":2,"featured_media":40519,"comment_status":"closed","ping_status":"open","sticky":false,"template":"","format":"standard","meta":{"_lmt_disableupdate":"","_lmt_disable":"","_jetpack_memberships_contains_paid_content":false,"footnotes":""},"categories":[109,47],"tags":[1512],"class_list":["post-40518","post","type-post","status-publish","format-standard","has-post-thumbnail","hentry","category-minuto-a-minuto","category-zona-gris","tag-coronavirus-oaxaca"],"jetpack_featured_media_url":"https:\/\/zonaroja.com.mx\/wp-content\/uploads\/2022\/04\/Covid-casos-27-abril.jpg","jetpack_sharing_enabled":true,"_links":{"self":[{"href":"https:\/\/zonaroja.com.mx\/index.php?rest_route=\/wp\/v2\/posts\/40518","targetHints":{"allow":["GET"]}}],"collection":[{"href":"https:\/\/zonaroja.com.mx\/index.php?rest_route=\/wp\/v2\/posts"}],"about":[{"href":"https:\/\/zonaroja.com.mx\/index.php?rest_route=\/wp\/v2\/types\/post"}],"author":[{"embeddable":true,"href":"https:\/\/zonaroja.com.mx\/index.php?rest_route=\/wp\/v2\/users\/2"}],"replies":[{"embeddable":true,"href":"https:\/\/zonaroja.com.mx\/index.php?rest_route=%2Fwp%2Fv2%2Fcomments&post=40518"}],"version-history":[{"count":1,"href":"https:\/\/zonaroja.com.mx\/index.php?rest_route=\/wp\/v2\/posts\/40518\/revisions"}],"predecessor-version":[{"id":40520,"href":"https:\/\/zonaroja.com.mx\/index.php?rest_route=\/wp\/v2\/posts\/40518\/revisions\/40520"}],"wp:featuredmedia":[{"embeddable":true,"href":"https:\/\/zonaroja.com.mx\/index.php?rest_route=\/wp\/v2\/media\/40519"}],"wp:attachment":[{"href":"https:\/\/zonaroja.com.mx\/index.php?rest_route=%2Fwp%2Fv2%2Fmedia&parent=40518"}],"wp:term":[{"taxonomy":"category","embeddable":true,"href":"https:\/\/zonaroja.com.mx\/index.php?rest_route=%2Fwp%2Fv2%2Fcategories&post=40518"},{"taxonomy":"post_tag","embeddable":true,"href":"https:\/\/zonaroja.com.mx\/index.php?rest_route=%2Fwp%2Fv2%2Ftags&post=40518"}],"curies":[{"name":"wp","href":"https:\/\/api.w.org\/{rel}","templated":true}]}}