{"id":40521,"date":"2022-04-28T07:32:20","date_gmt":"2022-04-28T12:32:20","guid":{"rendered":"http:\/\/www.zonaroja.com.mx\/?p=40521"},"modified":"2022-04-28T07:32:22","modified_gmt":"2022-04-28T12:32:22","slug":"designa-poder-judicial-de-oaxaca-a-nueva-consejera-de-la-judicatura","status":"publish","type":"post","link":"https:\/\/zonaroja.com.mx\/?p=40521","title":{"rendered":"Designa Poder Judicial de Oaxaca a nueva consejera de la Judicatura"},"content":{"rendered":"\n<p>Redacci\u00f3n\/Zona Roja.<\/p>\n\n\n\n<p>Oaxaca de Ju\u00e1rez, Oax., 28 de abril de 2022.- En Sesi\u00f3n de Pleno,&nbsp;la magistrada Mar\u00eda Laura Ortiz Aguirre&nbsp;rindi\u00f3 protesta&nbsp;de ley&nbsp;como nueva integrante del Consejo de la Judicatura&nbsp;del Poder Judicial del Estado,&nbsp;luego de que su&nbsp;nombramiento fuera avalado por acuerdo del Pleno&nbsp;del&nbsp;Tribunal Superior de Justicia. &nbsp;<\/p>\n\n\n\n<p>De la misma forma, se design\u00f3 y tom\u00f3 protesta de ley,&nbsp;al maestro en Derecho&nbsp;Ra\u00fal Oswaldo Bernal Flores, como Visitador General, \u00e1rea responsable de vigilar y supervisar el desempe\u00f1o de las y los servidores p\u00fablicos judiciales, as\u00ed como constatar que el ejercicio de su actividad sea responsable y profesional.&nbsp;<\/p>\n\n\n\n<p>En&nbsp;la sede del Consejo de la Judicatura, el magistrado presidente, Eduardo Pinacho S\u00e1nchez les dio la bienvenida y exhort\u00f3 a contribuir con \u00e9tica, profesionalismo y responsabilidad la labor encomendada en beneficio de la sociedad oaxaque\u00f1a, con la visi\u00f3n de humanizar la justicia.<\/p>\n\n\n\n<p>Conforme a&nbsp;lo establecido en el art\u00edculo 100 de la Constituci\u00f3n&nbsp;Pol\u00edtica del Estado Libre y Soberano de&nbsp;Oaxaca,&nbsp;y los&nbsp;art\u00edculos&nbsp;48,49 y 50 de la&nbsp;Ley Org\u00e1nica del Poder Judicial, la magistrada Mar\u00eda Laura Ortiz Aguirre&nbsp;asumi\u00f3 el cargo como consejera&nbsp;de la Judicatura.&nbsp;<\/p>\n\n\n\n<p>Cuenta con m\u00e1s de 35 a\u00f1os de ejercicio profesional en&nbsp;el Tribunal Superior de Justicia donde inici\u00f3 como oficial administrativo y resultado de su constancia y compromiso ascendi\u00f3 a diferentes cargos, entre ellos proyectista, secretaria judicial, jueza y magistrada&nbsp;integrante de la&nbsp;Primera&nbsp;Sala&nbsp;Civil, de la cual en varias ocasiones se desempe\u00f1\u00f3 como presidenta.&nbsp;<br>Por su parte, el maestro&nbsp;Ra\u00fal Oswaldo Bernal Flores,&nbsp;con una formaci\u00f3n especializada en el Sistema de Justicia Penal Acusatorio,&nbsp;se desempe\u00f1aba como&nbsp;juez de Control del Circuito de Valles Centrales.<\/p>\n","protected":false},"excerpt":{"rendered":"<p>Redacci\u00f3n\/Zona Roja. Oaxaca de Ju\u00e1rez, Oax., 28 de abril de 2022.- En Sesi\u00f3n de Pleno,&nbsp;la&hellip;<\/p>\n","protected":false},"author":2,"featured_media":40522,"comment_status":"closed","ping_status":"open","sticky":false,"template":"","format":"standard","meta":{"_lmt_disableupdate":"","_lmt_disable":"","_jetpack_memberships_contains_paid_content":false,"footnotes":""},"categories":[109,46],"tags":[223],"class_list":["post-40521","post","type-post","status-publish","format-standard","has-post-thumbnail","hentry","category-minuto-a-minuto","category-zona-blanca","tag-poder-judicial-de-oaxaca"],"jetpack_featured_media_url":"https:\/\/zonaroja.com.mx\/wp-content\/uploads\/2022\/04\/Nombramiento-Poder-Judicial-Oaxaca.jpg","jetpack_sharing_enabled":true,"_links":{"self":[{"href":"https:\/\/zonaroja.com.mx\/index.php?rest_route=\/wp\/v2\/posts\/40521","targetHints":{"allow":["GET"]}}],"collection":[{"href":"https:\/\/zonaroja.com.mx\/index.php?rest_route=\/wp\/v2\/posts"}],"about":[{"href":"https:\/\/zonaroja.com.mx\/index.php?rest_route=\/wp\/v2\/types\/post"}],"author":[{"embeddable":true,"href":"https:\/\/zonaroja.com.mx\/index.php?rest_route=\/wp\/v2\/users\/2"}],"replies":[{"embeddable":true,"href":"https:\/\/zonaroja.com.mx\/index.php?rest_route=%2Fwp%2Fv2%2Fcomments&post=40521"}],"version-history":[{"count":1,"href":"https:\/\/zonaroja.com.mx\/index.php?rest_route=\/wp\/v2\/posts\/40521\/revisions"}],"predecessor-version":[{"id":40523,"href":"https:\/\/zonaroja.com.mx\/index.php?rest_route=\/wp\/v2\/posts\/40521\/revisions\/40523"}],"wp:featuredmedia":[{"embeddable":true,"href":"https:\/\/zonaroja.com.mx\/index.php?rest_route=\/wp\/v2\/media\/40522"}],"wp:attachment":[{"href":"https:\/\/zonaroja.com.mx\/index.php?rest_route=%2Fwp%2Fv2%2Fmedia&parent=40521"}],"wp:term":[{"taxonomy":"category","embeddable":true,"href":"https:\/\/zonaroja.com.mx\/index.php?rest_route=%2Fwp%2Fv2%2Fcategories&post=40521"},{"taxonomy":"post_tag","embeddable":true,"href":"https:\/\/zonaroja.com.mx\/index.php?rest_route=%2Fwp%2Fv2%2Ftags&post=40521"}],"curies":[{"name":"wp","href":"https:\/\/api.w.org\/{rel}","templated":true}]}}