{"id":40524,"date":"2022-04-28T08:24:42","date_gmt":"2022-04-28T13:24:42","guid":{"rendered":"http:\/\/www.zonaroja.com.mx\/?p=40524"},"modified":"2022-04-28T08:24:42","modified_gmt":"2022-04-28T13:24:42","slug":"al-estilo-de-la-mafia-disputan-cruz-azul-ocho-muertos-y-5-vehiculos-calcinados","status":"publish","type":"post","link":"https:\/\/zonaroja.com.mx\/?p=40524","title":{"rendered":"Al estilo de la mafia disputan Cruz Azul: ocho muertos y 5 veh\u00edculos calcinados"},"content":{"rendered":"\n<p>Redacci\u00f3n\/Zona Roja Cdmx.<\/p>\n\n\n\n<p>Ciudad de M\u00e9xico, 28 de abril de 2022.- Al igual que ha ocurrido en Oaxaca y en otras sedes, en Tula, Hidalgo, la disputa por la Cooperativa Cruz Azul deriv\u00f3 en hechos sangrientos, al estilo del crimen organizado.<\/p>\n\n\n\n<p>El saldo de la refriega ocurrida ayer en la planta de dicha entidad fue de ocho personas asesinadas, 11 lesionadas y al menos cinco veh\u00edculos incinerados, tras el enfrentamiento entre dos bandos.<\/p>\n\n\n\n<p>De acuerdo con un recuento elaborado por \u201cExc\u00e9lsior\u201d, fue a finales de julio de 2020 en que se filtr\u00f3 en diversos medios una carta en la que&nbsp; el entonces director general de la cooperativa, Guillermo Billy&nbsp;\u00c1lvarez, hab\u00eda presentado su renuncia luego de m\u00e1s de tres d\u00e9cadas en el cargo.&nbsp;<\/p>\n\n\n\n<p>Al directivo se le se\u00f1al\u00f3 de ser l\u00edder de una organizaci\u00f3n delictiva dedicada a lavar dinero de la firma. Incluso se gir\u00f3 una orden de aprehensi\u00f3n en su contra por los delitos de delincuencia organizada y lavado de dinero.&nbsp;<\/p>\n\n\n\n<p>Esta tambi\u00e9n se extendi\u00f3 a otros exdirectivos: Mario S\u00e1nchez, director financiero; Eduardo Borrell, director jur\u00eddico; V\u00edctor Garc\u00e9s, exdirector jur\u00eddico, y al abogado externo, \u00c1ngel Junquera, refiere \u201cExc\u00e9lsior\u201d.<\/p>\n\n\n\n<p>D\u00edas despu\u00e9s, la cooperativa denunci\u00f3 a \u00c1lvarez ante la Fiscal\u00eda General de la Rep\u00fablica (FGR) por desv\u00edo de recursos, como document\u00f3 \u201cExc\u00e9lsior\u201d. Lo anterior por la transferencia ilegal de bienes, maquinaria y equipo propiedad de la Cooperativa La Cruz Azul.<\/p>\n\n\n\n<p>Ya en agosto los consejos de Administraci\u00f3n y Vigilancia de la cementera, en ese entonces al mando de V\u00edctor Vel\u00e1zquez y Jos\u00e9 Antonio Mar\u00edn, tomaron las oficinas de la firma ubicadas en Pedregal de Carrasco, en la Ciudad de M\u00e9xico.<\/p>\n\n\n\n<p>Algunos socios activos desconocieron a los l\u00edderes, tach\u00e1ndolos de carentes de&nbsp;apoyo, empat\u00eda, calidad moral y experiencia. Adem\u00e1s pidieron la ayuda del presidente Andr\u00e9s Manuel L\u00f3pez Obrador para intervenir en la toma de las oficinas corporativas.&nbsp;<\/p>\n\n\n\n<p>En la posterior&nbsp;Asamblea Ordinaria, m\u00e1s de 500 socios de la cooperativa eligieron a Federico Sarabia como presidente del Consejo de Administraci\u00f3n y a Alberto L\u00f3pez como presidente del Consejo de Vigilancia.<\/p>\n\n\n\n<p>Dicha asamblea se hizo afuera de las instalaciones de las oficinas corporativas de la empresa en Pedregal de Carrasco, en la Ciudad de M\u00e9xico, ya que estaban tomadas por los miembros del grupo disidente y los socios no pudieron ingresar.&nbsp;<\/p>\n\n\n\n<p>SIGUEN L\u00cdOS<\/p>\n\n\n\n<p>Seg\u00fan el reportaje de \u201cExc\u00e9lsior\u201d, para abril de 2021 se celebr\u00f3 una Asamblea Extraordinaria en la cooperativa, donde se vot\u00f3 de nuevo por el liderazgo de Vel\u00e1zquez y de Mar\u00edn como presidentes de los consejos de Administraci\u00f3n y de Vigilancia, respectivamente.<\/p>\n\n\n\n<p>En el ejercicio participaron socios de las plantas de Tula, Lagunas, Oaxaca, CYCNA Aguascalientes y de las oficinas en la Ciudad de M\u00e9xico.<\/p>\n\n\n\n<p>Las plantas de Puebla y Aguascalientes fueron recuperadas en 2020 por el Consejo de Administraci\u00f3n y Vigilancia. En tanto, la de Lagunas, en Oaxaca se recuper\u00f3 el a\u00f1o pasado; hasta ahora son nueve complejos los recuperados.<\/p>\n\n\n\n<p>El tema de la planta en Tula<\/p>\n\n\n\n<p>DISPUTA EN TULA<\/p>\n\n\n\n<p>En diciembre de 2021 un actuario del Poder Judicial en Hidalgo dio la posesi\u00f3n del complejo al Consejo de Administraci\u00f3n encabezado por V\u00edctor Vel\u00e1zquez, pero el grupo encabezado por Federico Sarabia tom\u00f3 de forma ilegal las instalaciones de la planta cementera en el municipio de Tula.&nbsp;<\/p>\n\n\n\n<p>La toma se dio en una disputa donde se enfrentaron autoridades y miembros del grupo de Federico Sarabia, quienes retuvieron las instalaciones, rese\u00f1a \u201cExc\u00e9lsior\u201d.<\/p>\n\n\n\n<p>En la Asamblea Ordinaria de este a\u00f1o, 206 socios fueron excluidos de sus derechos como miembros, entre ellos Guillermo Billy&nbsp;\u00c1lvarez Cuevas. La medida tambi\u00e9n aplic\u00f3 a Federico Sarabia y Alberto L\u00f3pez por las denuncias en su contra por robo de cemento, lavado de dinero y despojo.&nbsp;<\/p>\n\n\n\n<p>Las acusaciones radican en que, junto con Joel Vel\u00e1zquez y Pablo Res\u00e9ndiz, la modificaci\u00f3n ilegal en el despacho de cemento y que, con esa venta, habr\u00edan realizado la dispersi\u00f3n de los recursos a empresas factureras.<\/p>\n\n\n\n<p>Estas personas, junto con 200 cooperativistas m\u00e1s son quienes mantienen retenidas las instalaciones en Tula, mismas que son consideradas uno de los frentes m\u00e1s fuertes entre los simpatizantes de \u00c1lvarez.<\/p>\n","protected":false},"excerpt":{"rendered":"<p>Redacci\u00f3n\/Zona Roja Cdmx. Ciudad de M\u00e9xico, 28 de abril de 2022.- Al igual que ha&hellip;<\/p>\n","protected":false},"author":2,"featured_media":40525,"comment_status":"closed","ping_status":"open","sticky":false,"template":"","format":"standard","meta":{"_lmt_disableupdate":"","_lmt_disable":"","_jetpack_memberships_contains_paid_content":false,"footnotes":""},"categories":[109,47],"tags":[],"class_list":["post-40524","post","type-post","status-publish","format-standard","has-post-thumbnail","hentry","category-minuto-a-minuto","category-zona-gris"],"jetpack_featured_media_url":"https:\/\/zonaroja.com.mx\/wp-content\/uploads\/2022\/04\/Violencia-Cruz-Azul.jpg","jetpack_sharing_enabled":true,"_links":{"self":[{"href":"https:\/\/zonaroja.com.mx\/index.php?rest_route=\/wp\/v2\/posts\/40524","targetHints":{"allow":["GET"]}}],"collection":[{"href":"https:\/\/zonaroja.com.mx\/index.php?rest_route=\/wp\/v2\/posts"}],"about":[{"href":"https:\/\/zonaroja.com.mx\/index.php?rest_route=\/wp\/v2\/types\/post"}],"author":[{"embeddable":true,"href":"https:\/\/zonaroja.com.mx\/index.php?rest_route=\/wp\/v2\/users\/2"}],"replies":[{"embeddable":true,"href":"https:\/\/zonaroja.com.mx\/index.php?rest_route=%2Fwp%2Fv2%2Fcomments&post=40524"}],"version-history":[{"count":1,"href":"https:\/\/zonaroja.com.mx\/index.php?rest_route=\/wp\/v2\/posts\/40524\/revisions"}],"predecessor-version":[{"id":40526,"href":"https:\/\/zonaroja.com.mx\/index.php?rest_route=\/wp\/v2\/posts\/40524\/revisions\/40526"}],"wp:featuredmedia":[{"embeddable":true,"href":"https:\/\/zonaroja.com.mx\/index.php?rest_route=\/wp\/v2\/media\/40525"}],"wp:attachment":[{"href":"https:\/\/zonaroja.com.mx\/index.php?rest_route=%2Fwp%2Fv2%2Fmedia&parent=40524"}],"wp:term":[{"taxonomy":"category","embeddable":true,"href":"https:\/\/zonaroja.com.mx\/index.php?rest_route=%2Fwp%2Fv2%2Fcategories&post=40524"},{"taxonomy":"post_tag","embeddable":true,"href":"https:\/\/zonaroja.com.mx\/index.php?rest_route=%2Fwp%2Fv2%2Ftags&post=40524"}],"curies":[{"name":"wp","href":"https:\/\/api.w.org\/{rel}","templated":true}]}}