{"id":40527,"date":"2022-04-28T08:27:26","date_gmt":"2022-04-28T13:27:26","guid":{"rendered":"http:\/\/www.zonaroja.com.mx\/?p=40527"},"modified":"2022-04-28T08:27:27","modified_gmt":"2022-04-28T13:27:27","slug":"santa-lucia-del-camino-fue-sede-de-reunion-estatal-medica","status":"publish","type":"post","link":"https:\/\/zonaroja.com.mx\/?p=40527","title":{"rendered":"Santa Luc\u00eda del Camino fue sede de reuni\u00f3n estatal m\u00e9dica"},"content":{"rendered":"\n<p>Redacci\u00f3n\/Zona Roja.<\/p>\n\n\n\n<p>Oaxaca de Ju\u00e1rez, Oax., 28 de abril de 2022.- El presidente municipal de Santa Luc\u00eda del Camino, Juan Carlos Garc\u00eda M\u00e1rquez, fue anfitri\u00f3n de la Segunda Reuni\u00f3n del Observatorio Estatal de Lesiones (OEL), que tuvo como como principal objetivo intercambiar informaci\u00f3n y estad\u00edsticas para avanzar en la prevenci\u00f3n de accidentes y brindar mayor seguridad vial.<\/p>\n\n\n\n<p>Dicho encuentro cont\u00f3 con la presencia de directivos y representantes de instituciones y municipios que conforman el Consejo Estatal para la Prevenci\u00f3n de Accidentes (Coepra), quienes intercambiaron opiniones respecto sobre la incidencia de accidentes viales, as\u00ed como los resultados de operativos de alcoholimetr\u00eda.<\/p>\n\n\n\n<p>Es de se\u00f1alar que el OEL se encuentra activo desde el mes de febrero de 2022, y actualmente cuenta con registros de incidentes viales por parte del personal de la Polic\u00eda Vial Estatal, as\u00ed como polic\u00edas viales municipales de Santa Luc\u00eda del Camino, Oaxaca de Ju\u00e1rez, Huajuapan de Le\u00f3n, Santa Cruz Xoxocotl\u00e1n, San Jacinto Amilpas, Santa Cruz Amilpas y Tlaxiaco.<\/p>\n\n\n\n<p>El Observatorio Estatal de Lesiones cuenta con un sistema de informaci\u00f3n que fue dise\u00f1ado y aprobado por los Servicios de Salud de Oaxaca (SSO), a trav\u00e9s de la Direcci\u00f3n de Planeaci\u00f3n, en un trabajo coordinado con la Direcci\u00f3n de Prevenci\u00f3n y Promoci\u00f3n de la Salud.<\/p>\n\n\n\n<p>Por su parte, el edil de Santa Luc\u00eda del Camino, Juan Carlos Garc\u00eda M\u00e1rquez, reconoci\u00f3 la importancia de conocer y estudiar las incidencias causadas en las vialidades, principalmente en la zona metropolitana de la entidad, para crear as\u00ed mecanismos que permitan una mejor seguridad vial, a favor del bienestar ciudadano.<\/p>\n\n\n\n<p>Es por ello que agradeci\u00f3 a la Secretar\u00eda de Salud, los Servicios de Salud, Polic\u00eda Vial Estatal, Bomberos Estatal, Secretar\u00eda de Movilidad de Oaxaca (Semovi), Cruz Roja Mexicana, al Instituto Nacional de Estad\u00edstica y Geograf\u00eda (INEGI); as\u00ed como a los Ayuntamientos de Oaxaca de Ju\u00e1rez, Villa de Zaachila, Santa Cruz Xoxocotl\u00e1n y Huajuapan de Le\u00f3n; su disposici\u00f3n para crear sinergia en materia de seguridad vial.<\/p>\n","protected":false},"excerpt":{"rendered":"<p>Redacci\u00f3n\/Zona Roja. Oaxaca de Ju\u00e1rez, Oax., 28 de abril de 2022.- El presidente municipal de&hellip;<\/p>\n","protected":false},"author":2,"featured_media":40528,"comment_status":"closed","ping_status":"open","sticky":false,"template":"","format":"standard","meta":{"_lmt_disableupdate":"","_lmt_disable":"","_jetpack_memberships_contains_paid_content":false,"footnotes":""},"categories":[109,46],"tags":[337],"class_list":["post-40527","post","type-post","status-publish","format-standard","has-post-thumbnail","hentry","category-minuto-a-minuto","category-zona-blanca","tag-santa-lucia-del-camino"],"jetpack_featured_media_url":"https:\/\/zonaroja.com.mx\/wp-content\/uploads\/2022\/04\/Reunion-Santa-Lucia-edil-Juan-Carlos.jpg","jetpack_sharing_enabled":true,"_links":{"self":[{"href":"https:\/\/zonaroja.com.mx\/index.php?rest_route=\/wp\/v2\/posts\/40527","targetHints":{"allow":["GET"]}}],"collection":[{"href":"https:\/\/zonaroja.com.mx\/index.php?rest_route=\/wp\/v2\/posts"}],"about":[{"href":"https:\/\/zonaroja.com.mx\/index.php?rest_route=\/wp\/v2\/types\/post"}],"author":[{"embeddable":true,"href":"https:\/\/zonaroja.com.mx\/index.php?rest_route=\/wp\/v2\/users\/2"}],"replies":[{"embeddable":true,"href":"https:\/\/zonaroja.com.mx\/index.php?rest_route=%2Fwp%2Fv2%2Fcomments&post=40527"}],"version-history":[{"count":1,"href":"https:\/\/zonaroja.com.mx\/index.php?rest_route=\/wp\/v2\/posts\/40527\/revisions"}],"predecessor-version":[{"id":40529,"href":"https:\/\/zonaroja.com.mx\/index.php?rest_route=\/wp\/v2\/posts\/40527\/revisions\/40529"}],"wp:featuredmedia":[{"embeddable":true,"href":"https:\/\/zonaroja.com.mx\/index.php?rest_route=\/wp\/v2\/media\/40528"}],"wp:attachment":[{"href":"https:\/\/zonaroja.com.mx\/index.php?rest_route=%2Fwp%2Fv2%2Fmedia&parent=40527"}],"wp:term":[{"taxonomy":"category","embeddable":true,"href":"https:\/\/zonaroja.com.mx\/index.php?rest_route=%2Fwp%2Fv2%2Fcategories&post=40527"},{"taxonomy":"post_tag","embeddable":true,"href":"https:\/\/zonaroja.com.mx\/index.php?rest_route=%2Fwp%2Fv2%2Ftags&post=40527"}],"curies":[{"name":"wp","href":"https:\/\/api.w.org\/{rel}","templated":true}]}}