{"id":4053,"date":"2019-09-17T15:00:37","date_gmt":"2019-09-17T20:00:37","guid":{"rendered":"http:\/\/www.zonaroja.com.mx\/?p=4053"},"modified":"2019-09-17T15:00:39","modified_gmt":"2019-09-17T20:00:39","slug":"masacre-en-tuxtepec-tres-ejecutados-y-dos-heridos-ninos-miran-y-tocan-cuerpos","status":"publish","type":"post","link":"https:\/\/zonaroja.com.mx\/?p=4053","title":{"rendered":"Masacre en Tuxtepec: tres ejecutados y dos heridos; ni\u00f1os miran y tocan cuerpos"},"content":{"rendered":"\n<p>Redacci\u00f3n\/Zona\nRoja.<\/p>\n\n\n\n<p>Oaxaca de\nJu\u00e1rez, Oax., 17 de septiembre de 2019.- Tres personas fueron asesinadas por\ndisparos de armas de fuego y dos m\u00e1s resultaron lesionadas, en un domicilio de\nla colonia M\u00e9ndez Arceo de San Juan Bautista Tuxtepec.<\/p>\n\n\n\n<p>La masacre\nde este lunes ocurri\u00f3 frente a una escuela primaria de la zona; en el lugar de\nlos hechos, se hallaban ni\u00f1as y ni\u00f1os, algunos de los cuales miraron y tocaron\nlos cad\u00e1veres con naturalidad.<\/p>\n\n\n\n<p>Con ello suman 75 v\u00edctimas en esa ciudad de la regi\u00f3n de la Cuenca, pese a supuestos operativos de la Guardia Nacional, la Secretar\u00eda de Seguridad P\u00fablica de Oaxaca (SSPO) y la Polic\u00eda Municipal.<\/p>\n\n\n\n<figure class=\"wp-block-image\"><img decoding=\"async\" width=\"1024\" height=\"574\" src=\"http:\/\/www.zonaroja.com.mx\/wp-content\/uploads\/2019\/09\/PHOTO-2019-09-17-14-04-55-1024x574.jpg\" alt=\"\" class=\"wp-image-4054\" srcset=\"https:\/\/zonaroja.com.mx\/wp-content\/uploads\/2019\/09\/PHOTO-2019-09-17-14-04-55-1024x574.jpg 1024w, https:\/\/zonaroja.com.mx\/wp-content\/uploads\/2019\/09\/PHOTO-2019-09-17-14-04-55-300x168.jpg 300w, https:\/\/zonaroja.com.mx\/wp-content\/uploads\/2019\/09\/PHOTO-2019-09-17-14-04-55-768x431.jpg 768w, https:\/\/zonaroja.com.mx\/wp-content\/uploads\/2019\/09\/PHOTO-2019-09-17-14-04-55-1170x656.jpg 1170w, https:\/\/zonaroja.com.mx\/wp-content\/uploads\/2019\/09\/PHOTO-2019-09-17-14-04-55-585x328.jpg 585w, https:\/\/zonaroja.com.mx\/wp-content\/uploads\/2019\/09\/PHOTO-2019-09-17-14-04-55.jpg 1280w\" sizes=\"(max-width: 1024px) 100vw, 1024px\" \/><\/figure>\n\n\n\n<p>Incluso en\ntres meses de su cargo, el titular de la SSPO, Ra\u00fal Ernesto Salcedo ha acudido\ndos veces a dicha ciudad para reunirse con autoridades y empresarios, a quienes\nhab\u00eda ofrecido que su esquema \u201ccuadrante seguro\u201d dar\u00eda resultados pronto, en\nmateria de seguridad.<\/p>\n\n\n\n<p>Poco despu\u00e9s\ndel mediod\u00eda se registr\u00f3 el m\u00faltiple homicidio, perpetrado por un presunto\ngrupo armado, en que perdieron la vida Juan Gal\u00e1n, de aproximadamente 65 a\u00f1os\nde edad; Rogelio Enr\u00edquez, de 32 a\u00f1os, y Juanito N., de 36 a\u00f1os de edad.<\/p>\n\n\n\n<p>En tanto\nresultaron heridos Lino Mat\u00edas Mart\u00ednez, de 60 a\u00f1os, y Luis Crisanto Vergara.<\/p>\n\n\n\n<p>Tras la masacre, polic\u00edas estatales y municipales, as\u00ed como la Guardia Nacional arribaron a la zona para resguardar la escena en tanto que otros agrupamientos realizan patrullajes de b\u00fasqueda, sin \u00e9xito alguno hasta ahora.<\/p>\n\n\n\n<figure class=\"wp-block-image\"><img decoding=\"async\" width=\"1024\" height=\"574\" src=\"http:\/\/www.zonaroja.com.mx\/wp-content\/uploads\/2019\/09\/PHOTO-2019-09-17-14-04-57-1024x574.jpg\" alt=\"\" class=\"wp-image-4055\" srcset=\"https:\/\/zonaroja.com.mx\/wp-content\/uploads\/2019\/09\/PHOTO-2019-09-17-14-04-57-1024x574.jpg 1024w, https:\/\/zonaroja.com.mx\/wp-content\/uploads\/2019\/09\/PHOTO-2019-09-17-14-04-57-300x168.jpg 300w, https:\/\/zonaroja.com.mx\/wp-content\/uploads\/2019\/09\/PHOTO-2019-09-17-14-04-57-768x431.jpg 768w, https:\/\/zonaroja.com.mx\/wp-content\/uploads\/2019\/09\/PHOTO-2019-09-17-14-04-57-1170x656.jpg 1170w, https:\/\/zonaroja.com.mx\/wp-content\/uploads\/2019\/09\/PHOTO-2019-09-17-14-04-57-585x328.jpg 585w, https:\/\/zonaroja.com.mx\/wp-content\/uploads\/2019\/09\/PHOTO-2019-09-17-14-04-57.jpg 1280w\" sizes=\"(max-width: 1024px) 100vw, 1024px\" \/><\/figure>\n","protected":false},"excerpt":{"rendered":"<p>Redacci\u00f3n\/Zona Roja. Oaxaca de Ju\u00e1rez, Oax., 17 de septiembre de 2019.- Tres personas fueron asesinadas&hellip;<\/p>\n","protected":false},"author":2,"featured_media":4056,"comment_status":"closed","ping_status":"open","sticky":false,"template":"","format":"standard","meta":{"_lmt_disableupdate":"","_lmt_disable":"","_jetpack_memberships_contains_paid_content":false,"footnotes":""},"categories":[109,51],"tags":[118],"class_list":["post-4053","post","type-post","status-publish","format-standard","has-post-thumbnail","hentry","category-minuto-a-minuto","category-zona-roja","tag-san-juan-bautista-tuxtepec"],"jetpack_featured_media_url":"https:\/\/zonaroja.com.mx\/wp-content\/uploads\/2019\/09\/ddf7d9f1-af27-44dc-9b74-710b96a4e969.jpg","jetpack_sharing_enabled":true,"_links":{"self":[{"href":"https:\/\/zonaroja.com.mx\/index.php?rest_route=\/wp\/v2\/posts\/4053","targetHints":{"allow":["GET"]}}],"collection":[{"href":"https:\/\/zonaroja.com.mx\/index.php?rest_route=\/wp\/v2\/posts"}],"about":[{"href":"https:\/\/zonaroja.com.mx\/index.php?rest_route=\/wp\/v2\/types\/post"}],"author":[{"embeddable":true,"href":"https:\/\/zonaroja.com.mx\/index.php?rest_route=\/wp\/v2\/users\/2"}],"replies":[{"embeddable":true,"href":"https:\/\/zonaroja.com.mx\/index.php?rest_route=%2Fwp%2Fv2%2Fcomments&post=4053"}],"version-history":[{"count":1,"href":"https:\/\/zonaroja.com.mx\/index.php?rest_route=\/wp\/v2\/posts\/4053\/revisions"}],"predecessor-version":[{"id":4057,"href":"https:\/\/zonaroja.com.mx\/index.php?rest_route=\/wp\/v2\/posts\/4053\/revisions\/4057"}],"wp:featuredmedia":[{"embeddable":true,"href":"https:\/\/zonaroja.com.mx\/index.php?rest_route=\/wp\/v2\/media\/4056"}],"wp:attachment":[{"href":"https:\/\/zonaroja.com.mx\/index.php?rest_route=%2Fwp%2Fv2%2Fmedia&parent=4053"}],"wp:term":[{"taxonomy":"category","embeddable":true,"href":"https:\/\/zonaroja.com.mx\/index.php?rest_route=%2Fwp%2Fv2%2Fcategories&post=4053"},{"taxonomy":"post_tag","embeddable":true,"href":"https:\/\/zonaroja.com.mx\/index.php?rest_route=%2Fwp%2Fv2%2Ftags&post=4053"}],"curies":[{"name":"wp","href":"https:\/\/api.w.org\/{rel}","templated":true}]}}