{"id":40532,"date":"2022-04-28T08:47:16","date_gmt":"2022-04-28T13:47:16","guid":{"rendered":"http:\/\/www.zonaroja.com.mx\/?p=40532"},"modified":"2022-04-28T08:47:18","modified_gmt":"2022-04-28T13:47:18","slug":"jovenes-oaxaquenos-tambien-le-dan-su-respaldo-pleno-al-triple-a","status":"publish","type":"post","link":"https:\/\/zonaroja.com.mx\/?p=40532","title":{"rendered":"J\u00f3venes oaxaque\u00f1os tambi\u00e9n le dan su respaldo pleno al \u201cTriple A\u201d"},"content":{"rendered":"\n<p>Redacci\u00f3n\/Zona Roja.<\/p>\n\n\n\n<p>Oaxaca de Ju\u00e1rez, Oax. 28 de abril de 2022.-&nbsp;En un ameno encuentro con j\u00f3venes emprendedores, estudiantes y profesionistas, el candidato com\u00fan del PRI-PRD al gobierno de Oaxaca, Alejandro Avil\u00e9s \u00c1lvarez, afirm\u00f3 que en su sexenio \u201cla fuerza, inteligencia y visi\u00f3n de las juventudes ser\u00e1n factores indispensables para avanzar en los retos y cambios que la entidad necesita\u201d.&nbsp;<\/p>\n\n\n\n<p>Acompa\u00f1ado de su esposa Mary Corona y su hija Marij\u00fa, el \u201cTriple A\u201d expuso que para gobernar Oaxaca, se necesita &nbsp;la responsable participaci\u00f3n de las y los j\u00f3venes en la conformaci\u00f3n de la agenda y plan de desarrollo para las ocho regiones, porque su esp\u00edritu y valent\u00eda para enfrentar los retos actuales, es invaluable.&nbsp;<\/p>\n\n\n\n<p>En ese sentido, el candidato tricolor sostuvo que como gobernador, abrir\u00e1 las puertas de la administraci\u00f3n p\u00fablica para la incorporaci\u00f3n de un \u00a0porcentaje mayor de j\u00f3venes a las \u00e1reas de gobierno, y se contratar\u00e1 \u00a0a las y los egresados de universidades y aqu\u00e9llos o aqu\u00e9llas que se encuentren en los \u00faltimos semestres, con la implementaci\u00f3n del programa \u201cTu primer empleo\u201d.\u00a0<\/p>\n\n\n\n<figure class=\"wp-block-embed is-type-rich is-provider-twitter wp-block-embed-twitter\"><div class=\"wp-block-embed__wrapper\">\n<div class=\"twitter-tweet\"><blockquote class=\"twitter-tweet\" data-lang=\"es\"><p lang=\"es\" dir=\"ltr\">S\u00e9 que lo \u00fanico que necesitan las y los j\u00f3venes para salir adelante es una oportunidad. Conf\u00edo en su talento y capacidad, por eso mi gobierno estar\u00e1 construido por ellas y ellos. <a href=\"https:\/\/twitter.com\/hashtag\/AlTriplePorOaxaca?src=hash&amp;ref_src=twsrc%5Etfw\">#AlTriplePorOaxaca<\/a> <a href=\"https:\/\/t.co\/ZbNau0Y9eU\">pic.twitter.com\/ZbNau0Y9eU<\/a><\/p>&mdash; Alejandro Avil\u00e9s \u00c1lvarez (@_AvilesAlvarez) <a href=\"https:\/\/twitter.com\/_AvilesAlvarez\/status\/1519540413832613888?ref_src=twsrc%5Etfw\">28 de abril de 2022<\/a><\/blockquote><\/div>\n<\/div><\/figure>\n\n\n\n<p>\u201cEsta acci\u00f3n la haremos realidad con el apoyo del sector privado y de las universidades, para insertar &nbsp;r\u00e1pidamente a todas las y los j\u00f3venes al mercado laboral en cada una de las disciplinas donde mejor se desempe\u00f1an\u201d, destac\u00f3 en un encuentro efectuado en San Francisco Tutla.&nbsp;<\/p>\n\n\n\n<p>De igual manera, el \u201cTriple A\u201d anunci\u00f3 que las y los estudiantes, recibir\u00e1n becas que permitan la continuidad de sus estudios, mientras que para las y los emprendedores se otorgar\u00e1n incentivos econ\u00f3micos para que inicien un negocio propio.&nbsp;<\/p>\n\n\n\n<p>\u201cSus sue\u00f1os a partir de ahora los convierto en mis sue\u00f1os para que todos y todas tengamos las mejores oportunidades; para que juntos construyamos un mejor Oaxaca, para que entre todos luchemos por un estado mejor\u201d, a\u00f1adi\u00f3.<\/p>\n\n\n\n<p>Durante las actividades del d\u00eda, el abanderado del PRI-PRD sostuvo una reuni\u00f3n productiva con comerciantes y l\u00edderes de organizaciones de la Central de Abasto, quienes le manifestaron su apoyo total a su candidatura.<\/p>\n\n\n\n<figure class=\"wp-block-embed is-type-rich is-provider-twitter wp-block-embed-twitter\"><div class=\"wp-block-embed__wrapper\">\n<div class=\"twitter-tweet\"><blockquote class=\"twitter-tweet\" data-lang=\"es\"><p lang=\"es\" dir=\"ltr\"><a href=\"https:\/\/twitter.com\/hashtag\/EleccionesOaxaca2022?src=hash&amp;ref_src=twsrc%5Etfw\">#EleccionesOaxaca2022<\/a> <br>\u00a1Avil\u00e9s! \u00a1Avil\u00e9s! \u00a1Avil\u00e9s! \u00a1Avil\u00e9s! Entre porras y bailes fue recibido esta ma\u00f1ana el \u201cTriple A\u201d, <a href=\"https:\/\/twitter.com\/_AvilesAlvarez?ref_src=twsrc%5Etfw\">@_AvilesAlvarez<\/a>, por parte de cientos de comerciantes de la Central de Abasto de la ciudad de Oaxaca. <a href=\"https:\/\/t.co\/B6L0lpoasN\">pic.twitter.com\/B6L0lpoasN<\/a><\/p>&mdash; Zona Roja Oaxaca (@ZonaRoja_Oaxaca) <a href=\"https:\/\/twitter.com\/ZonaRoja_Oaxaca\/status\/1519373688176476160?ref_src=twsrc%5Etfw\">27 de abril de 2022<\/a><\/blockquote><\/div>\n<\/div><\/figure>\n","protected":false},"excerpt":{"rendered":"<p>Redacci\u00f3n\/Zona Roja. Oaxaca de Ju\u00e1rez, Oax. 28 de abril de 2022.-&nbsp;En un ameno encuentro con&hellip;<\/p>\n","protected":false},"author":2,"featured_media":40533,"comment_status":"closed","ping_status":"open","sticky":false,"template":"","format":"standard","meta":{"_lmt_disableupdate":"","_lmt_disable":"","_jetpack_memberships_contains_paid_content":false,"footnotes":""},"categories":[109,46],"tags":[316],"class_list":["post-40532","post","type-post","status-publish","format-standard","has-post-thumbnail","hentry","category-minuto-a-minuto","category-zona-blanca","tag-alejandro-aviles-alvarez"],"jetpack_featured_media_url":"https:\/\/zonaroja.com.mx\/wp-content\/uploads\/2022\/04\/Alejandro-Aviles-con-jovenes.jpg","jetpack_sharing_enabled":true,"_links":{"self":[{"href":"https:\/\/zonaroja.com.mx\/index.php?rest_route=\/wp\/v2\/posts\/40532","targetHints":{"allow":["GET"]}}],"collection":[{"href":"https:\/\/zonaroja.com.mx\/index.php?rest_route=\/wp\/v2\/posts"}],"about":[{"href":"https:\/\/zonaroja.com.mx\/index.php?rest_route=\/wp\/v2\/types\/post"}],"author":[{"embeddable":true,"href":"https:\/\/zonaroja.com.mx\/index.php?rest_route=\/wp\/v2\/users\/2"}],"replies":[{"embeddable":true,"href":"https:\/\/zonaroja.com.mx\/index.php?rest_route=%2Fwp%2Fv2%2Fcomments&post=40532"}],"version-history":[{"count":1,"href":"https:\/\/zonaroja.com.mx\/index.php?rest_route=\/wp\/v2\/posts\/40532\/revisions"}],"predecessor-version":[{"id":40534,"href":"https:\/\/zonaroja.com.mx\/index.php?rest_route=\/wp\/v2\/posts\/40532\/revisions\/40534"}],"wp:featuredmedia":[{"embeddable":true,"href":"https:\/\/zonaroja.com.mx\/index.php?rest_route=\/wp\/v2\/media\/40533"}],"wp:attachment":[{"href":"https:\/\/zonaroja.com.mx\/index.php?rest_route=%2Fwp%2Fv2%2Fmedia&parent=40532"}],"wp:term":[{"taxonomy":"category","embeddable":true,"href":"https:\/\/zonaroja.com.mx\/index.php?rest_route=%2Fwp%2Fv2%2Fcategories&post=40532"},{"taxonomy":"post_tag","embeddable":true,"href":"https:\/\/zonaroja.com.mx\/index.php?rest_route=%2Fwp%2Fv2%2Ftags&post=40532"}],"curies":[{"name":"wp","href":"https:\/\/api.w.org\/{rel}","templated":true}]}}