{"id":40545,"date":"2022-04-28T19:12:31","date_gmt":"2022-04-29T00:12:31","guid":{"rendered":"http:\/\/www.zonaroja.com.mx\/?p=40545"},"modified":"2022-04-28T19:12:33","modified_gmt":"2022-04-29T00:12:33","slug":"recorre-salomon-jara-zona-chatina-ofrece-coordinacion-con-municipios","status":"publish","type":"post","link":"https:\/\/zonaroja.com.mx\/?p=40545","title":{"rendered":"Recorre Salom\u00f3n Jara zona chatina; ofrece coordinaci\u00f3n con municipios"},"content":{"rendered":"\n<p>Redacci\u00f3n\/Zona Roja.<\/p>\n\n\n\n<p>Oaxaca de Ju\u00e1rez, Oax., 28 de abril de 2022.- La \u00fanica forma de acabar con la desigualdad y la pobreza es con un gobierno responsable y comprometido, que genere las condiciones necesarias para garantizar que cada oaxaque\u00f1a y oaxaque\u00f1o tenga lo esencial y que nadie se quede atr\u00e1s, asegur\u00f3 Salom\u00f3n Jara Cruz, candidato de la \u201cCoalici\u00f3n Juntos Hacemos Historia\u201d en Oaxaca.<\/p>\n\n\n\n<p>Continuando con la gira por la esperanza, visito el municipio de San Miguel Panixtlahuaca en donde dijo que trabajar\u00e1 para construir un verdadero estado de bienestar, con programas sociales que tengan como prioridad a las personas que se encuentren en mayores condiciones de vulnerabilidad.<\/p>\n\n\n\n<p>Se\u00f1al\u00f3 que se impulsar\u00e1 una pol\u00edtica educativa que en sus contenidos promueva el respeto por las culturas originarias y que cumpla los objetivos de la reforma educativa promovida por Morena.<\/p>\n\n\n\n<p>\u201cRescataremos el sistema p\u00fablico de salud para garantizar el acceso universal, medicamentos gratuitos y concluyendo los hospitales y las cl\u00ednicas que los malos gobiernos dejaron a medio construir, sin equipamiento sin personal suficiente\u201d, a\u00f1adi\u00f3.<\/p>\n\n\n\n<p>Mencion\u00f3 que la inseguridad afecta la calidad de vida de las y los oaxaque\u00f1os y su atenci\u00f3n debe ser parte de una estrategia integral, con medidas como un mayor n\u00famero de c\u00e1maras de videovigilancia en todo el estado y actualizaci\u00f3n del C4; habilitar corredores con iluminaci\u00f3n, botones de auxilio, transporte monitoreado y patrullaje constante.\u00a0<\/p>\n\n\n\n<figure class=\"wp-block-embed is-type-rich is-provider-twitter wp-block-embed-twitter\"><div class=\"wp-block-embed__wrapper\">\n<div class=\"twitter-tweet\"><blockquote class=\"twitter-tweet\" data-lang=\"es\"><p lang=\"es\" dir=\"ltr\">\u00a1La gira de la esperanza lleg\u00f3 a la <a href=\"https:\/\/twitter.com\/hashtag\/Costa?src=hash&amp;ref_src=twsrc%5Etfw\">#Costa<\/a> oaxaque\u00f1a! Visitamos la comunidad de San Miguel Panixtlahuaca, donde nos recibieron con mucho cari\u00f1o. Estamos celebrando que ya pronto comenzar\u00e1 la <a href=\"https:\/\/twitter.com\/hashtag\/PrimaveraOaxaque%C3%B1a?src=hash&amp;ref_src=twsrc%5Etfw\">#PrimaveraOaxaque\u00f1a<\/a> y haremos realidad el <a href=\"https:\/\/twitter.com\/hashtag\/Oaxaca?src=hash&amp;ref_src=twsrc%5Etfw\">#Oaxaca<\/a> que siempre so\u00f1amos. <a href=\"https:\/\/t.co\/uPrNs4WtMf\">pic.twitter.com\/uPrNs4WtMf<\/a><\/p>&mdash; Salom\u00f3n Jara Cruz (@salomonj) <a href=\"https:\/\/twitter.com\/salomonj\/status\/1519753917101494273?ref_src=twsrc%5Etfw\">28 de abril de 2022<\/a><\/blockquote><\/div>\n<\/div><\/figure>\n\n\n\n<p>\u201cVamos a impulsar acciones coordinadas con los gobiernos municipales y con el gobierno federal, porque la colaboraci\u00f3n entre instituciones de seguridad es indispensables para responder de manera efectiva a la exigencia de seguridad de la sociedad\u201d, apunt\u00f3.<\/p>\n\n\n\n<p>Asimismo, continu\u00f3, se crear\u00e1 infraestructura deportiva y apoyando a deportistas de alto rendimiento de nuestro estado y fomentar la pr\u00e1ctica del deporte para toda la sociedad.<\/p>\n\n\n\n<p>\u201cTambi\u00e9n fortaleceremos a las bandas de m\u00fasica con escuelas, maestros e instrumentos y apoyaremos la cultura, el arte y las artesan\u00edas locales, con incentivos econ\u00f3micos y acompa\u00f1amiento en el proceso de comercializaci\u00f3n y promoci\u00f3n en M\u00e9xico y en el mundo\u201d, detall\u00f3.<\/p>\n\n\n\n<p>\u201cPara lograr el cambio verdadero, las tareas sociales del gobierno deben tener una misma direcci\u00f3n: reducir la indignante desigualdad, basada en el privilegio de pocos y la miseria de muchos\u201d, finaliz\u00f3 el abanderado de la coalici\u00f3n \u201cJuntos Hacemos Historia en Oaxaca\u201d, Salom\u00f3n Jara Cruz.<\/p>\n","protected":false},"excerpt":{"rendered":"<p>Redacci\u00f3n\/Zona Roja. Oaxaca de Ju\u00e1rez, Oax., 28 de abril de 2022.- La \u00fanica forma de&hellip;<\/p>\n","protected":false},"author":2,"featured_media":40546,"comment_status":"closed","ping_status":"open","sticky":false,"template":"","format":"standard","meta":{"_lmt_disableupdate":"","_lmt_disable":"","_jetpack_memberships_contains_paid_content":false,"footnotes":""},"categories":[109,46],"tags":[939],"class_list":["post-40545","post","type-post","status-publish","format-standard","has-post-thumbnail","hentry","category-minuto-a-minuto","category-zona-blanca","tag-salomon-jara-cruz"],"jetpack_featured_media_url":"https:\/\/zonaroja.com.mx\/wp-content\/uploads\/2022\/04\/Salomon-Jara-gira-Valles.jpg","jetpack_sharing_enabled":true,"_links":{"self":[{"href":"https:\/\/zonaroja.com.mx\/index.php?rest_route=\/wp\/v2\/posts\/40545","targetHints":{"allow":["GET"]}}],"collection":[{"href":"https:\/\/zonaroja.com.mx\/index.php?rest_route=\/wp\/v2\/posts"}],"about":[{"href":"https:\/\/zonaroja.com.mx\/index.php?rest_route=\/wp\/v2\/types\/post"}],"author":[{"embeddable":true,"href":"https:\/\/zonaroja.com.mx\/index.php?rest_route=\/wp\/v2\/users\/2"}],"replies":[{"embeddable":true,"href":"https:\/\/zonaroja.com.mx\/index.php?rest_route=%2Fwp%2Fv2%2Fcomments&post=40545"}],"version-history":[{"count":1,"href":"https:\/\/zonaroja.com.mx\/index.php?rest_route=\/wp\/v2\/posts\/40545\/revisions"}],"predecessor-version":[{"id":40547,"href":"https:\/\/zonaroja.com.mx\/index.php?rest_route=\/wp\/v2\/posts\/40545\/revisions\/40547"}],"wp:featuredmedia":[{"embeddable":true,"href":"https:\/\/zonaroja.com.mx\/index.php?rest_route=\/wp\/v2\/media\/40546"}],"wp:attachment":[{"href":"https:\/\/zonaroja.com.mx\/index.php?rest_route=%2Fwp%2Fv2%2Fmedia&parent=40545"}],"wp:term":[{"taxonomy":"category","embeddable":true,"href":"https:\/\/zonaroja.com.mx\/index.php?rest_route=%2Fwp%2Fv2%2Fcategories&post=40545"},{"taxonomy":"post_tag","embeddable":true,"href":"https:\/\/zonaroja.com.mx\/index.php?rest_route=%2Fwp%2Fv2%2Ftags&post=40545"}],"curies":[{"name":"wp","href":"https:\/\/api.w.org\/{rel}","templated":true}]}}