{"id":40551,"date":"2022-04-28T21:10:56","date_gmt":"2022-04-29T02:10:56","guid":{"rendered":"http:\/\/www.zonaroja.com.mx\/?p=40551"},"modified":"2022-04-28T21:10:58","modified_gmt":"2022-04-29T02:10:58","slug":"no-puede-segego-con-protestas-y-conflictos-que-detonaron-de-nuevo","status":"publish","type":"post","link":"https:\/\/zonaroja.com.mx\/?p=40551","title":{"rendered":"No puede Segego con protestas y conflictos, que detonaron de nuevo"},"content":{"rendered":"\n<p>Redacci\u00f3n\/Zona Roja.<\/p>\n\n\n\n<p>Oaxaca de Ju\u00e1rez, Oax., 28 de marzo de 2022.- Seis d\u00edas de retenci\u00f3n de un edil, un muerto por l\u00edo agrario, tres d\u00edas de bloqueos en la regi\u00f3n Mixteca, marcha de recicladores y protestas contra diversas dependencias del gobierno de Oaxaca, es el saldo del jueves.<\/p>\n\n\n\n<p>Pese a ello, la Secretar\u00eda General de Gobierno (Segego) se ha limitado a llamar a las partes en pugna a resolver sus diferencias\u2026 y a instalar mesas de di\u00e1logo desde las oficinas.<\/p>\n\n\n\n<p>Ind\u00edgenas triquis cumplieron tres d\u00edas de bloqueos en carreteras de la regi\u00f3n Mixteca, en demanda de atenci\u00f3n gubernamental para regresar sus desplazados a Tierra Blanca Copala, Santiago Juxtlahuaca.<\/p>\n\n\n\n<p>Despu\u00e9s de seis d\u00edas, fue puesto en libertad el presidente municipal de Santiago Jocotepec, Carlos Esc\u00e1rcega P\u00e9rez, as\u00ed como su tesorero, Bernardo Ojeda, retenidos hace una semana por pobladores de la agencia R\u00edo Chiquito, debido a incumplimiento a minutas para la realizaci\u00f3n de obras.<\/p>\n\n\n\n<p>Del crucero de la agencia de Trinidad de Viguera al z\u00f3calo, integrantes de la Confederaci\u00f3n Nacional de Industrias, Metales y Reciclajes marcharon para exigir una mesa de di\u00e1logo a fin de que se interceda ante el Senado debido a una ley aprobada, que afecta a los recolectores y compradores de fierro y enseres viejos.<\/p>\n\n\n\n<p>Mientras tanto, habitantes del Fraccionamiento El Manantial, perteneciente al municipio de San Pablo, Etla, bloquearon por unas horas los trabajos del circuito interior, para exigir obras de drenaje y agua potable; m\u00e1s tarde fueron atendidos.<\/p>\n\n\n\n<p>Al mediod\u00eda, combatientes de la Comisi\u00f3n Estatal Forestal (Coesfo) protestaron frente al Palacio de Gobierno, en la capital, para denunciar adeudos de sus pagos desde hace siete meses, as\u00ed como indolencia de la Segego.<\/p>\n\n\n\n<p>En tanto, esta noche trabajadores sindicalizados de la Fiscal\u00eda General del Estado de Oaxaca culminaron un paro de labores con \u201ctoma\u201d de oficinas en distintos puntos de la capital y zona conurbada, para exigir prebendas, por el D\u00eda del Trabajo y otras conmemoraciones, cuyos apoyos aseguran les adeudan.<\/p>\n\n\n\n<p>Tambi\u00e9n despu\u00e9s del mediod\u00eda, integrantes del Sindicato Independiente de Trabajadores y Profesionales de la Salud bloquearon por unas horas el bulevar Eduardo Vasconcelos de la ciudad y la sede de la Junta Local de Conciliaci\u00f3n y Arbitraje, para denunciar incumplimientos de los Servicios de Salud de Oaxaca.<\/p>\n\n\n\n<p>Por la ma\u00f1ana de hoy resurgi\u00f3 el conflicto agrario entre los pueblos y presuntamente Santa Cruz Mitlatongo atac\u00f3 a balazos a Santiago Mitlatongo, lo que dej\u00f3 como saldo preliminar una persona fallecida.<\/p>\n","protected":false},"excerpt":{"rendered":"<p>Redacci\u00f3n\/Zona Roja. Oaxaca de Ju\u00e1rez, Oax., 28 de marzo de 2022.- Seis d\u00edas de retenci\u00f3n&hellip;<\/p>\n","protected":false},"author":2,"featured_media":40552,"comment_status":"closed","ping_status":"open","sticky":false,"template":"","format":"standard","meta":{"_lmt_disableupdate":"","_lmt_disable":"","_jetpack_memberships_contains_paid_content":false,"footnotes":""},"categories":[109,46],"tags":[2264],"class_list":["post-40551","post","type-post","status-publish","format-standard","has-post-thumbnail","hentry","category-minuto-a-minuto","category-zona-blanca","tag-bloqueos-y-protestas-oaxaca"],"jetpack_featured_media_url":"https:\/\/zonaroja.com.mx\/wp-content\/uploads\/2022\/04\/Bloqueo-fraccionamiento-El-Manantial.jpg","jetpack_sharing_enabled":true,"_links":{"self":[{"href":"https:\/\/zonaroja.com.mx\/index.php?rest_route=\/wp\/v2\/posts\/40551","targetHints":{"allow":["GET"]}}],"collection":[{"href":"https:\/\/zonaroja.com.mx\/index.php?rest_route=\/wp\/v2\/posts"}],"about":[{"href":"https:\/\/zonaroja.com.mx\/index.php?rest_route=\/wp\/v2\/types\/post"}],"author":[{"embeddable":true,"href":"https:\/\/zonaroja.com.mx\/index.php?rest_route=\/wp\/v2\/users\/2"}],"replies":[{"embeddable":true,"href":"https:\/\/zonaroja.com.mx\/index.php?rest_route=%2Fwp%2Fv2%2Fcomments&post=40551"}],"version-history":[{"count":1,"href":"https:\/\/zonaroja.com.mx\/index.php?rest_route=\/wp\/v2\/posts\/40551\/revisions"}],"predecessor-version":[{"id":40553,"href":"https:\/\/zonaroja.com.mx\/index.php?rest_route=\/wp\/v2\/posts\/40551\/revisions\/40553"}],"wp:featuredmedia":[{"embeddable":true,"href":"https:\/\/zonaroja.com.mx\/index.php?rest_route=\/wp\/v2\/media\/40552"}],"wp:attachment":[{"href":"https:\/\/zonaroja.com.mx\/index.php?rest_route=%2Fwp%2Fv2%2Fmedia&parent=40551"}],"wp:term":[{"taxonomy":"category","embeddable":true,"href":"https:\/\/zonaroja.com.mx\/index.php?rest_route=%2Fwp%2Fv2%2Fcategories&post=40551"},{"taxonomy":"post_tag","embeddable":true,"href":"https:\/\/zonaroja.com.mx\/index.php?rest_route=%2Fwp%2Fv2%2Ftags&post=40551"}],"curies":[{"name":"wp","href":"https:\/\/api.w.org\/{rel}","templated":true}]}}