{"id":40554,"date":"2022-04-28T22:25:42","date_gmt":"2022-04-29T03:25:42","guid":{"rendered":"http:\/\/www.zonaroja.com.mx\/?p=40554"},"modified":"2022-04-28T22:25:43","modified_gmt":"2022-04-29T03:25:43","slug":"xoxo-inseguro-dos-ataques-a-balazos-un-policia-y-una-mujer-lesionados","status":"publish","type":"post","link":"https:\/\/zonaroja.com.mx\/?p=40554","title":{"rendered":"Xoxo inseguro: dos ataques a balazos, un polic\u00eda y una mujer lesionados"},"content":{"rendered":"\n<p>Ismael Garc\u00eda M.\/Zona Roja.<\/p>\n\n\n\n<p>Oaxaca de Ju\u00e1rez, Oax., 28 de abril de 2022.- Una persona fallecida por disparos de arma de fuego y tres lesionados a balazos, entre ellos una mujer, es el saldo violento de este jueves en Oaxaca.<\/p>\n\n\n\n<p>La tarde de hoy, en la calle Las \u00c1guilas de Santa Cruz Xoxocotl\u00e1n, colindante con la ciudad de Oaxaca, fue atacada una mujer, presuntamente para asaltarla.<\/p>\n\n\n\n<p>La v\u00edctima identificada como Dulce Bel\u00e9n O. O., fue atendida por param\u00e9dicos del Cuerpo de Bomberos y trasladada a un hospital; presuntamente viajaba en un mototaxi cuando fue agredida.<\/p>\n\n\n\n<p>Horas antes, durante la madrugada, se suscit\u00f3 otro hecho violento frente a la Comisar\u00eda de la Polic\u00eda Vial de Xoxocotl\u00e1n, con saldo de un uniformado, Apolinar G. P., lesionado de bala.<\/p>\n\n\n\n<figure class=\"wp-block-embed is-type-rich is-provider-twitter wp-block-embed-twitter\"><div class=\"wp-block-embed__wrapper\">\n<div class=\"twitter-tweet\"><blockquote class=\"twitter-tweet\" data-lang=\"es\"><p lang=\"es\" dir=\"ltr\"><a href=\"https:\/\/twitter.com\/hashtag\/%C3%9AltimoMinuto?src=hash&amp;ref_src=twsrc%5Etfw\">#\u00daltimoMinuto<\/a> <br>Sigue la inseguridad en Santa Cruz <a href=\"https:\/\/twitter.com\/hashtag\/Xoxocotl%C3%A1n?src=hash&amp;ref_src=twsrc%5Etfw\">#Xoxocotl\u00e1n<\/a>, en la zona colindante con la ciudad de <a href=\"https:\/\/twitter.com\/hashtag\/Oaxaca?src=hash&amp;ref_src=twsrc%5Etfw\">#Oaxaca<\/a>. <br>En la avenida Las \u00c1guilas, una mujer fue atacada a balazos, tras asalto; fue trasladada a un hospital. <a href=\"https:\/\/t.co\/7PXIIlSonz\">pic.twitter.com\/7PXIIlSonz<\/a><\/p>&mdash; Zona Roja Oaxaca (@ZonaRoja_Oaxaca) <a href=\"https:\/\/twitter.com\/ZonaRoja_Oaxaca\/status\/1519801382810882048?ref_src=twsrc%5Etfw\">28 de abril de 2022<\/a><\/blockquote><\/div>\n<\/div><\/figure>\n\n\n\n<p>Seg\u00fan los testigos, fue debido a un ataque armado a las instalaciones policiacas; de acuerdo con la autoridad municipal, se trat\u00f3 de una ri\u00f1a entre particulares.<\/p>\n\n\n\n<p>Mientras que en el municipio de Juchit\u00e1n, regi\u00f3n del Istmo, un obrero de recolecci\u00f3n de basura fue atacado a balazos, a un costado de la carretera que comunica a ese municipio con Uni\u00f3n Hidalgo; presuntamente se trat\u00f3 tambi\u00e9n de un asalto.<\/p>\n\n\n\n<p>Mientras que la ma\u00f1ana de hoy, la agencia de Santiago Mitlatongo denunci\u00f3 que fue atacada por individuos armados, presuntamente de Santa Cruz Mitlatongo, lo que dej\u00f3 como saldo un campesino fallecido, identificado como Hermelindo S. C., de unos 42 a\u00f1os; ambos pueblos mantienen una a\u00f1eja disputa agraria y ello habr\u00eda sido la causa de la agresi\u00f3n.<\/p>\n","protected":false},"excerpt":{"rendered":"<p>Ismael Garc\u00eda M.\/Zona Roja. Oaxaca de Ju\u00e1rez, Oax., 28 de abril de 2022.- Una persona&hellip;<\/p>\n","protected":false},"author":2,"featured_media":40555,"comment_status":"closed","ping_status":"open","sticky":false,"template":"","format":"standard","meta":{"_lmt_disableupdate":"","_lmt_disable":"","_jetpack_memberships_contains_paid_content":false,"footnotes":""},"categories":[109,51],"tags":[1666],"class_list":["post-40554","post","type-post","status-publish","format-standard","has-post-thumbnail","hentry","category-minuto-a-minuto","category-zona-roja","tag-santiago-mitlatongo"],"jetpack_featured_media_url":"https:\/\/zonaroja.com.mx\/wp-content\/uploads\/2022\/04\/Ataque-a-balazos-mujer-Xoxocotlan.jpg","jetpack_sharing_enabled":true,"_links":{"self":[{"href":"https:\/\/zonaroja.com.mx\/index.php?rest_route=\/wp\/v2\/posts\/40554","targetHints":{"allow":["GET"]}}],"collection":[{"href":"https:\/\/zonaroja.com.mx\/index.php?rest_route=\/wp\/v2\/posts"}],"about":[{"href":"https:\/\/zonaroja.com.mx\/index.php?rest_route=\/wp\/v2\/types\/post"}],"author":[{"embeddable":true,"href":"https:\/\/zonaroja.com.mx\/index.php?rest_route=\/wp\/v2\/users\/2"}],"replies":[{"embeddable":true,"href":"https:\/\/zonaroja.com.mx\/index.php?rest_route=%2Fwp%2Fv2%2Fcomments&post=40554"}],"version-history":[{"count":1,"href":"https:\/\/zonaroja.com.mx\/index.php?rest_route=\/wp\/v2\/posts\/40554\/revisions"}],"predecessor-version":[{"id":40556,"href":"https:\/\/zonaroja.com.mx\/index.php?rest_route=\/wp\/v2\/posts\/40554\/revisions\/40556"}],"wp:featuredmedia":[{"embeddable":true,"href":"https:\/\/zonaroja.com.mx\/index.php?rest_route=\/wp\/v2\/media\/40555"}],"wp:attachment":[{"href":"https:\/\/zonaroja.com.mx\/index.php?rest_route=%2Fwp%2Fv2%2Fmedia&parent=40554"}],"wp:term":[{"taxonomy":"category","embeddable":true,"href":"https:\/\/zonaroja.com.mx\/index.php?rest_route=%2Fwp%2Fv2%2Fcategories&post=40554"},{"taxonomy":"post_tag","embeddable":true,"href":"https:\/\/zonaroja.com.mx\/index.php?rest_route=%2Fwp%2Fv2%2Ftags&post=40554"}],"curies":[{"name":"wp","href":"https:\/\/api.w.org\/{rel}","templated":true}]}}