{"id":40562,"date":"2022-04-29T07:36:29","date_gmt":"2022-04-29T12:36:29","guid":{"rendered":"http:\/\/www.zonaroja.com.mx\/?p=40562"},"modified":"2022-04-29T07:36:31","modified_gmt":"2022-04-29T12:36:31","slug":"inician-actividades-del-seminario-conmemorativo-del-centenario-de-la-constitucion","status":"publish","type":"post","link":"https:\/\/zonaroja.com.mx\/?p=40562","title":{"rendered":"Inician actividades del Seminario Conmemorativo del Centenario de la Constituci\u00f3n"},"content":{"rendered":"\n<p>Redacci\u00f3n\/Zona Roja.<\/p>\n\n\n\n<p>Oaxaca de Ju\u00e1rez, Oax., 29 de abril de 2022.- Al inaugurar las actividades del&nbsp;Seminario Conmemorativo y Celebratorio del Centenario&nbsp;de la Constituci\u00f3n de Oaxaca de 1922,&nbsp;resultado del esfuerzo conjunto del Poder Judicial del Estado, la Universidad Aut\u00f3noma Benito Ju\u00e1rez de Oaxaca, el Instituto de Investigaciones Jur\u00eddicas de la UNAM y el Instituto Iberoamericano de Derecho Constitucional, el presidente del Tribunal Superior de Justicia, magistrado Eduardo Pinacho S\u00e1nchez,&nbsp;afirm\u00f3&nbsp;que los poderes del Estado, las fuerzas pol\u00edticas y los intelectuales de Oaxaca han aportado valiosas ideas e instituciones al constitucionalismo nacional.<\/p>\n\n\n\n<p>Por ello, se\u00f1al\u00f3 que este encuentro&nbsp;que durante dos d\u00edas re\u00fane&nbsp;a prestigiosos acad\u00e9micos e investigadores locales y nacionales de nivel internacional&nbsp;en siete mesas de an\u00e1lisis,&nbsp;permitir\u00e1 identificar logros hist\u00f3ricos, pero tambi\u00e9n retos y desaf\u00edos para que a trav\u00e9s de una mirada en prospectiva&nbsp;se dise\u00f1e&nbsp;un marco normativo constitucional que garantice un Estado de bienestar social.&nbsp;\u201cEn&nbsp;una sociedad tan compleja como Oaxaca, lo que nos une es precisamente nuestra Constituci\u00f3n\u201d, puntualiz\u00f3.<\/p>\n\n\n\n<p>A la ceremonia de inauguraci\u00f3n asistieron\u00a0el Encargado de Despacho del Instituto\u00a0Estatal de Educaci\u00f3n P\u00fablica de Oaxaca(IEEPO),\u00a0Ernesto L\u00f3pez Montero, con la representaci\u00f3n\u00a0delGobernador\u00a0Alejandro Murat Hinojosa; la\u00a0presidenta de la mesa directiva de la LXV Legislatura del Congreso del Estado, diputadaMariana Ben\u00edtez Tiburcio;\u00a0el\u00a0director de la Facultad de Derecho de la\u00a0UABJO, Carlos P\u00e9rez Campos\u00a0y el\u00a0coordinador Acad\u00e9mico del Seminario,\u00a0Ra\u00fal \u00c1vila\u00a0Ortiz.<\/p>\n\n\n\n<figure class=\"wp-block-embed is-type-rich is-provider-twitter wp-block-embed-twitter\"><div class=\"wp-block-embed__wrapper\">\n<div class=\"twitter-tweet\"><blockquote class=\"twitter-tweet\" data-lang=\"es\"><p lang=\"es\" dir=\"ltr\">Este jueves, el <a href=\"https:\/\/twitter.com\/tsjoaxaca?ref_src=twsrc%5Etfw\">@tsjoaxaca<\/a> realiz\u00f3 conferencias y mesas de trabajo &quot;Democracia electoral\u201d y &quot;Estado, poderes pol\u00edticos e instituciones&quot;, a fin de dise\u00f1ar un marco constitucional que garantice un Estado de bienestar social. <a href=\"https:\/\/t.co\/oCC1hJyPRR\">pic.twitter.com\/oCC1hJyPRR<\/a><\/p>&mdash; Zona Roja Oaxaca (@ZonaRoja_Oaxaca) <a href=\"https:\/\/twitter.com\/ZonaRoja_Oaxaca\/status\/1519889741734424576?ref_src=twsrc%5Etfw\">29 de abril de 2022<\/a><\/blockquote><\/div>\n<\/div><\/figure>\n\n\n\n<p>El encuentro re\u00fane a diputadas, diputados, magistradas, magistrados, juezas y jueces&nbsp;y&nbsp;universitarios&nbsp;en siete mesas tem\u00e1ticas&nbsp;con 30 ponencias&nbsp;sobre los or\u00edgenes, evoluci\u00f3n y perspectivas generales de la Carta Magna; sus principios derechos y garant\u00edas; Democracia Electoral; Estado, Poderes e Instituciones; Poder Judicial; Municipio, educaci\u00f3n y desarrollo; as\u00ed como Reformabilidad y futuro de las constituciones locales, las cuales se pueden seguir a trav\u00e9s de las redes sociales&nbsp;Facebook&nbsp;www.facebook.com\/TSJOAX&nbsp;&nbsp;y Twitter &nbsp;@tsjoaxaca.<\/p>\n\n\n\n<p>En su intervenci\u00f3n en el evento,&nbsp;el director de la Facultad de Derecho de la UABJO&nbsp;y el coordinador Acad\u00e9mico del Seminario coincidieron en&nbsp;que el Centenario de la promulgaci\u00f3n de nuestra&nbsp;Constituci\u00f3n debe ser enaltecido por todas y todos los oaxaque\u00f1os, al ser la Carta Magna&nbsp;uno de los aspectos m\u00e1s relevantes de nuestro contexto local, como colectividad, como familia&nbsp;y&nbsp;como personas.<\/p>\n","protected":false},"excerpt":{"rendered":"<p>Redacci\u00f3n\/Zona Roja. Oaxaca de Ju\u00e1rez, Oax., 29 de abril de 2022.- Al inaugurar las actividades&hellip;<\/p>\n","protected":false},"author":2,"featured_media":40563,"comment_status":"closed","ping_status":"open","sticky":false,"template":"","format":"standard","meta":{"_lmt_disableupdate":"","_lmt_disable":"","_jetpack_memberships_contains_paid_content":false,"footnotes":""},"categories":[109,46],"tags":[223],"class_list":["post-40562","post","type-post","status-publish","format-standard","has-post-thumbnail","hentry","category-minuto-a-minuto","category-zona-blanca","tag-poder-judicial-de-oaxaca"],"jetpack_featured_media_url":"https:\/\/zonaroja.com.mx\/wp-content\/uploads\/2022\/04\/Conferencias-Poder-Judicial.jpg","jetpack_sharing_enabled":true,"_links":{"self":[{"href":"https:\/\/zonaroja.com.mx\/index.php?rest_route=\/wp\/v2\/posts\/40562","targetHints":{"allow":["GET"]}}],"collection":[{"href":"https:\/\/zonaroja.com.mx\/index.php?rest_route=\/wp\/v2\/posts"}],"about":[{"href":"https:\/\/zonaroja.com.mx\/index.php?rest_route=\/wp\/v2\/types\/post"}],"author":[{"embeddable":true,"href":"https:\/\/zonaroja.com.mx\/index.php?rest_route=\/wp\/v2\/users\/2"}],"replies":[{"embeddable":true,"href":"https:\/\/zonaroja.com.mx\/index.php?rest_route=%2Fwp%2Fv2%2Fcomments&post=40562"}],"version-history":[{"count":1,"href":"https:\/\/zonaroja.com.mx\/index.php?rest_route=\/wp\/v2\/posts\/40562\/revisions"}],"predecessor-version":[{"id":40564,"href":"https:\/\/zonaroja.com.mx\/index.php?rest_route=\/wp\/v2\/posts\/40562\/revisions\/40564"}],"wp:featuredmedia":[{"embeddable":true,"href":"https:\/\/zonaroja.com.mx\/index.php?rest_route=\/wp\/v2\/media\/40563"}],"wp:attachment":[{"href":"https:\/\/zonaroja.com.mx\/index.php?rest_route=%2Fwp%2Fv2%2Fmedia&parent=40562"}],"wp:term":[{"taxonomy":"category","embeddable":true,"href":"https:\/\/zonaroja.com.mx\/index.php?rest_route=%2Fwp%2Fv2%2Fcategories&post=40562"},{"taxonomy":"post_tag","embeddable":true,"href":"https:\/\/zonaroja.com.mx\/index.php?rest_route=%2Fwp%2Fv2%2Ftags&post=40562"}],"curies":[{"name":"wp","href":"https:\/\/api.w.org\/{rel}","templated":true}]}}