{"id":40565,"date":"2022-04-29T10:06:00","date_gmt":"2022-04-29T15:06:00","guid":{"rendered":"http:\/\/www.zonaroja.com.mx\/?p=40565"},"modified":"2022-04-29T08:11:05","modified_gmt":"2022-04-29T13:11:05","slug":"crece-oaxaca-en-actividades-economicas-en-2021-segun-inegi","status":"publish","type":"post","link":"https:\/\/zonaroja.com.mx\/?p=40565","title":{"rendered":"Crece Oaxaca en actividades econ\u00f3micas en 2021, seg\u00fan Inegi"},"content":{"rendered":"\n<p>Yuridiana Sosa\/Zona Roja.<\/p>\n\n\n\n<p>Oaxaca de Ju\u00e1rez, Oax., 29 de abril de 2022.- El Indicador Trimestral de la Actividad Econ\u00f3mica Estatal (ITAEE), por parte del Inegi, demostr\u00f3 que al cierre del 2021, Oaxaca registr\u00f3 un crecimiento en comparaci\u00f3n al ciclo anterior.<\/p>\n\n\n\n<p>Los resultados favorables para la entidad oaxaque\u00f1a se presentaron tanto en su periodo del cuarto trimestre, como en la evaluaci\u00f3n anual, aunque su posicionamiento en la tabla general fue bajo, al ocupar el lugar 22 en M\u00e9xico.<\/p>\n\n\n\n<p>De manera detallada, el ITAEE inform\u00f3 que durante el cuarto trimestre de 2021, Oaxaca tuvo un aumento de 0.9 por ciento, respecto al mismo periodo de 2020, con un alza en las actividades primarias de 8.5 por ciento y terciarias de 3.2 por ciento, mientras que se present\u00f3 una contracci\u00f3n de 7.4 por ciento de las actividades secundarias.<\/p>\n\n\n\n<p>Respecto a las actividades primarias, que engloba la agricultura, cr\u00eda y explotaci\u00f3n de animales, aprovechamiento forestal, pesca y caza, el resultado del \u00faltimo cuatrimestre del a\u00f1o posicion\u00f3 a Oaxaca en el noveno lugar a nivel nacional.<\/p>\n\n\n\n<p>Por sus actividades secundarias- relacionada a los sectores dedicados a la industria de la miner\u00eda, manufacturas, construcci\u00f3n y electricidad- en la que registr\u00f3 una ca\u00edda, Oaxaca cay\u00f3 al lugar 28 de la lista nacional.<\/p>\n\n\n\n<p>En tanto que, por sus actividades del sector terciario, la entidad se coloc\u00f3 en el noveno lugar al cierre del cuarto trimestre de 2021.<\/p>\n\n\n\n<p>Con relaci\u00f3n a los datos del ciclo de enero a diciembre de 2021, el acumulado de la actividad econ\u00f3mica estatal creci\u00f3 6.8 por ciento, con un aumento del 2.9 por ciento en las actividades primarias; del 15.7 por ciento en las secundarias y del 4.4 por ciento en las terciarias respecto al mismo periodo del a\u00f1o anterior.<\/p>\n","protected":false},"excerpt":{"rendered":"<p>Yuridiana Sosa\/Zona Roja. Oaxaca de Ju\u00e1rez, Oax., 29 de abril de 2022.- El Indicador Trimestral&hellip;<\/p>\n","protected":false},"author":2,"featured_media":40566,"comment_status":"closed","ping_status":"open","sticky":false,"template":"","format":"standard","meta":{"_lmt_disableupdate":"","_lmt_disable":"","_jetpack_memberships_contains_paid_content":false,"footnotes":""},"categories":[109,46],"tags":[1331],"class_list":["post-40565","post","type-post","status-publish","format-standard","has-post-thumbnail","hentry","category-minuto-a-minuto","category-zona-blanca","tag-instituto-nacional-de-geografia-y-estadistica-inegi"],"jetpack_featured_media_url":"https:\/\/zonaroja.com.mx\/wp-content\/uploads\/2022\/04\/Actividades-primarias-madera-forestal.jpg.webp","jetpack_sharing_enabled":true,"_links":{"self":[{"href":"https:\/\/zonaroja.com.mx\/index.php?rest_route=\/wp\/v2\/posts\/40565","targetHints":{"allow":["GET"]}}],"collection":[{"href":"https:\/\/zonaroja.com.mx\/index.php?rest_route=\/wp\/v2\/posts"}],"about":[{"href":"https:\/\/zonaroja.com.mx\/index.php?rest_route=\/wp\/v2\/types\/post"}],"author":[{"embeddable":true,"href":"https:\/\/zonaroja.com.mx\/index.php?rest_route=\/wp\/v2\/users\/2"}],"replies":[{"embeddable":true,"href":"https:\/\/zonaroja.com.mx\/index.php?rest_route=%2Fwp%2Fv2%2Fcomments&post=40565"}],"version-history":[{"count":1,"href":"https:\/\/zonaroja.com.mx\/index.php?rest_route=\/wp\/v2\/posts\/40565\/revisions"}],"predecessor-version":[{"id":40567,"href":"https:\/\/zonaroja.com.mx\/index.php?rest_route=\/wp\/v2\/posts\/40565\/revisions\/40567"}],"wp:featuredmedia":[{"embeddable":true,"href":"https:\/\/zonaroja.com.mx\/index.php?rest_route=\/wp\/v2\/media\/40566"}],"wp:attachment":[{"href":"https:\/\/zonaroja.com.mx\/index.php?rest_route=%2Fwp%2Fv2%2Fmedia&parent=40565"}],"wp:term":[{"taxonomy":"category","embeddable":true,"href":"https:\/\/zonaroja.com.mx\/index.php?rest_route=%2Fwp%2Fv2%2Fcategories&post=40565"},{"taxonomy":"post_tag","embeddable":true,"href":"https:\/\/zonaroja.com.mx\/index.php?rest_route=%2Fwp%2Fv2%2Ftags&post=40565"}],"curies":[{"name":"wp","href":"https:\/\/api.w.org\/{rel}","templated":true}]}}