{"id":40575,"date":"2022-04-29T08:41:54","date_gmt":"2022-04-29T13:41:54","guid":{"rendered":"http:\/\/www.zonaroja.com.mx\/?p=40575"},"modified":"2022-04-29T08:41:55","modified_gmt":"2022-04-29T13:41:55","slug":"claman-justicia-por-estudiante-que-mato-la-guardia-nacional-en-guanajuato","status":"publish","type":"post","link":"https:\/\/zonaroja.com.mx\/?p=40575","title":{"rendered":"Claman justicia por estudiante que mat\u00f3 la Guardia Nacional en Guanajuato"},"content":{"rendered":"\n<p>Redacci\u00f3n\/Zona Roja Cdmx.<\/p>\n\n\n\n<p>Ciudad de M\u00e9xico, 29 de abril de 2022.- Tras el ataque por parte de elementos de la Guardia Nacional contra estudiantes de la Universidad de Guanajuato, en el que uno de los alumnos perdi\u00f3 la vida, la Mesa Directiva de la Sociedad de Alumnos de la Divisi\u00f3n de Ciencias de la Vida (DICIVA) 2021-2022 coment\u00f3 a Infobae M\u00e9xico que realizar\u00e1n un paro indefinido para exigir justicia por sus compa\u00f1eros.<\/p>\n\n\n\n<p>\u201cEn este momento y hasta una fecha inexacta la Universidad y los estudiantes nos encontramos en paro\u201d, informaron. Y agregaron que a las 14:00 horas realizar\u00edn una marcha pac\u00edfica para rendir un homenaje a \u00c1ngel Yael Ignacio Rangel, quien falleci\u00f3 tras el ataque registrado en la tarde del mi\u00e9rcoles 27 de abril.<\/p>\n\n\n\n<p>Al grito de \u201cSe\u00f1or, se\u00f1ora, no sea indiferente, se matan a estudiantes en la cara de la gente\u201d, los alumnos recorr\u00edan las calles de Guanajuato con pancartas en las que denunciaban el proceder de la Guardia Nacional. Otras de las consignas que corearon los manifestantes era \u201cMe quiero titular, me quiero titular, no quiero que le lleven mi cuerpo a mi mam\u00e1\u201d.<\/p>\n\n\n\n<p>En tanto, el jueves 28 y viernes 29 de abril se suspender\u00e1n las actividades acad\u00e9micas para guardar luto por \u00c1ngel Yael. En un comunicado, los estudiantes de la DICIVA condenaron los hechos y expresaron: \u201choy sabemos que la Guardia Nacional mata, hoy ya no nos sentimos seguros con su presencia, sin embargo, hoy estamos unidos\u201d.<\/p>\n\n\n\n<p>LOS HECHOS<\/p>\n\n\n\n<p>Eran cerca de las 16:40 horas del mi\u00e9rcoles 27 de abril. Dos veh\u00edculos se encontraban estacionados a orillas de la comunidad del Copal, en una zona conocida con el nombre de La Parra. En el interior de uno de ellos, se encontraban tres alumnos de la Universidad de Guanajuato. Mientras, elementos de la Guardia Nacional realizaban reconocimientos en un ducto de Pemex \u201cSalamanca-Le\u00f3n\u2019&#8217;, como parte del Plan Conjunto de la Rep\u00fablica para combatir el robo de Hidrocarburo.<\/p>\n\n\n\n<p>Los agentes de la Fuerza de Seguridad se acercaron a un camino de terracer\u00eda, sin lograr identificar a los tripulantes a bordo de los veh\u00edculos, quienes, al percatarse de la presencia de los elementos de la GN, se retiraron del lugar \u201cde manera precipitada\u201d, seg\u00fan un comunicado de dicha dependencia.<\/p>\n\n\n\n<p>Por lo anterior, bajo el supuesto \u201cdesconcierto e incertidumbre\u201d generado por la retirada de los estudiantes, un elemento de la Guardia Nacional activ\u00f3 su arma de fuego en contra de los veh\u00edculos, lo que ocasion\u00f3 que uno de los tripulantes (\u00c1ngel Yael, de 19 a\u00f1os de edad) perdiera la vida, mientras que otra joven, de nombre Edith Alejandra Carrillo, de 22, recibi\u00f3 impactos de bala en su hombro derecho.<\/p>\n\n\n\n<p>Consecuentemente, el elemento de la GN que deton\u00f3 su arma qued\u00f3 a disposici\u00f3n de las autoridades estatales, mientras que la Fiscal\u00eda General del Estado (FGE) inform\u00f3 que ya estaba integrando la carpeta de investigaci\u00f3n correspondiente. En tanto, la Unidad Especializada en Homicidios realizar\u00e1 las indagatorias sobre este caso.<\/p>\n\n\n\n<p>LAMENTAN CRIMEN<\/p>\n\n\n\n<p>Ante los lamentables hechos, el rector de la Universidad de Guanajuato, Luis Felipe Guerrero Agripino se reuni\u00f3 con los familiares de las v\u00edctimas para brindarles apoyo y asegur\u00f3 que estar\u00eda presente en la manifestaci\u00f3n pac\u00edfica convocada para este jueves. Asimismo, en entrevista con Milenio coment\u00f3 que los estudiantes no estaban haciendo nada indebido, pues solo conviv\u00edan y asever\u00f3 que se trat\u00f3 de un acto ileg\u00edtimo.<\/p>\n\n\n\n<p>Por su parte, el gobernador de Guanajuato, Diego Sinhue Rodr\u00edguez Vallejo, conden\u00f3 en\u00e9rgicamente el asesinato y ataque hacia los estudiantes y asegur\u00f3 que se trat\u00f3 de un \u201cuso desproporcionado de la fuerza\u201d. Lorena Alfaro Garc\u00eda, alcaldesa de Irapuato, se\u00f1al\u00f3 que se trata de una \u201cp\u00e9rdida terrible\u201d y exigi\u00f3 el esclarecimiento de los hechos.<\/p>\n\n\n\n<p>En ese sentido, cabe se\u00f1alar que la alcaldesa Alfaro no se encuentra en Irapuato por el momento, ya que participa en el foro \u201cTurismo Social Responsable\u201d llevado a cabo en el marco del Encuentro de las Am\u00e9ricas de Turismo Social, celebrado en Colombia, por lo que algunos estudiantes en redes sociales exigieron su regreso a Irapuato para atender este asunto.<\/p>\n\n\n\n<p>(Informaci\u00f3n de Infobae)<\/p>\n","protected":false},"excerpt":{"rendered":"<p>Redacci\u00f3n\/Zona Roja Cdmx. Ciudad de M\u00e9xico, 29 de abril de 2022.- Tras el ataque por&hellip;<\/p>\n","protected":false},"author":2,"featured_media":40573,"comment_status":"closed","ping_status":"open","sticky":false,"template":"","format":"standard","meta":{"_lmt_disableupdate":"","_lmt_disable":"","_jetpack_memberships_contains_paid_content":false,"footnotes":""},"categories":[109,47],"tags":[735],"class_list":["post-40575","post","type-post","status-publish","format-standard","has-post-thumbnail","hentry","category-minuto-a-minuto","category-zona-gris","tag-guanajuato"],"jetpack_featured_media_url":"https:\/\/zonaroja.com.mx\/wp-content\/uploads\/2022\/04\/Joven-asesinado-Guanajuato-Guardia-Nacional.jpg","jetpack_sharing_enabled":true,"_links":{"self":[{"href":"https:\/\/zonaroja.com.mx\/index.php?rest_route=\/wp\/v2\/posts\/40575","targetHints":{"allow":["GET"]}}],"collection":[{"href":"https:\/\/zonaroja.com.mx\/index.php?rest_route=\/wp\/v2\/posts"}],"about":[{"href":"https:\/\/zonaroja.com.mx\/index.php?rest_route=\/wp\/v2\/types\/post"}],"author":[{"embeddable":true,"href":"https:\/\/zonaroja.com.mx\/index.php?rest_route=\/wp\/v2\/users\/2"}],"replies":[{"embeddable":true,"href":"https:\/\/zonaroja.com.mx\/index.php?rest_route=%2Fwp%2Fv2%2Fcomments&post=40575"}],"version-history":[{"count":1,"href":"https:\/\/zonaroja.com.mx\/index.php?rest_route=\/wp\/v2\/posts\/40575\/revisions"}],"predecessor-version":[{"id":40576,"href":"https:\/\/zonaroja.com.mx\/index.php?rest_route=\/wp\/v2\/posts\/40575\/revisions\/40576"}],"wp:featuredmedia":[{"embeddable":true,"href":"https:\/\/zonaroja.com.mx\/index.php?rest_route=\/wp\/v2\/media\/40573"}],"wp:attachment":[{"href":"https:\/\/zonaroja.com.mx\/index.php?rest_route=%2Fwp%2Fv2%2Fmedia&parent=40575"}],"wp:term":[{"taxonomy":"category","embeddable":true,"href":"https:\/\/zonaroja.com.mx\/index.php?rest_route=%2Fwp%2Fv2%2Fcategories&post=40575"},{"taxonomy":"post_tag","embeddable":true,"href":"https:\/\/zonaroja.com.mx\/index.php?rest_route=%2Fwp%2Fv2%2Ftags&post=40575"}],"curies":[{"name":"wp","href":"https:\/\/api.w.org\/{rel}","templated":true}]}}