{"id":40586,"date":"2022-04-29T19:56:00","date_gmt":"2022-04-30T00:56:00","guid":{"rendered":"http:\/\/www.zonaroja.com.mx\/?p=40586"},"modified":"2022-04-29T19:56:02","modified_gmt":"2022-04-30T00:56:02","slug":"tras-vandalizar-y-agredir-a-la-sociedad-normalistas-se-retiran-tranquilos-con-plaza-de-maestro","status":"publish","type":"post","link":"https:\/\/zonaroja.com.mx\/?p=40586","title":{"rendered":"Tras vandalizar y agredir a la sociedad, normalistas se retiran tranquilos con plaza de maestro"},"content":{"rendered":"\n<p>Yuridiana Sosa\/Zona Roja.<\/p>\n\n\n\n<p>Oaxaca de Ju\u00e1rez, Oax., 29 de abril de 2022.- Luego de m\u00e1s de dos meses de \u201cplant\u00f3n\u201d e intensas y violentas movilizaciones en la capital del estado, para exigir plazas de docentes, integrantes de la Coordinadora Estudiantil Normalista del Estado de Oaxaca (CENEO) levantaron este viernes el campamento que manten\u00edan en el Centro Hist\u00f3rico de Oaxaca de Ju\u00e1rez.<\/p>\n\n\n\n<p>Su retir\u00f3 en inmediaciones del edificio hist\u00f3rico de la Secci\u00f3n 22 del Sindicato Nacional de Trabajadores de Educaci\u00f3n (SNTE), en la calle de Armenta y L\u00f3pez, se registr\u00f3 de forma paulatina en el transcurso de esta ma\u00f1ana, pues tras varias horas de actividad para su desplazamiento varias casas de campa\u00f1a continuaban en la calle de Guerrero.<\/p>\n\n\n\n<p>Pero su estancia en las calles, con manifestaciones de forma cotidiana, fue tormentosa para la ciudadan\u00eda, mientras que el Instituto Estatal de Educaci\u00f3n P\u00fablica de Oaxaca (IEEPO) sosten\u00eda que no hab\u00eda motivos para la protesta debido a que exist\u00edan mesas de di\u00e1logo y recepci\u00f3n de documentos para la incorporaci\u00f3n de los normalistas el servicio docente.<\/p>\n\n\n\n<p>El pasado 14 de febrero entregaron su supuesto pliego petitorio y el 22 de febrero los estudiantes de las diferentes escuelas normales instalaron de forma simult\u00e1nea \u201cplantones\u201d frente a tres complejos de la Secci\u00f3n 22 del SNTE, que al final del d\u00eda se redujo a la concentraci\u00f3n del campamento en la sede principal; esto por su inconformidad a un supuesto \u201cabandono\u201d de la gremial para respaldar su lucha estudiantil.<\/p>\n\n\n\n<p>D\u00cdAS VIOLENTOS<\/p>\n\n\n\n<p>Retenci\u00f3n de urbanos, de camiones repartidores y saqueos, bloqueos, \u201ctoma\u201d de oficinas y vandalismos en dichos espacios, hasta agresiones f\u00edsicas a la prensa y ciudadan\u00eda fueron parte de las acciones que ejecutaron los normalistas para exigir plazas directas; incluso, desde semanas antes de iniciado su plant\u00f3n.<\/p>\n\n\n\n<p>Son 600 plazas las que demandaron en su movimiento, a favor de estudiantes de las generaciones 2017 -2021.<\/p>\n\n\n\n<p>Ante el inicio de esta jornada, la Secci\u00f3n 22 del SNTE respondi\u00f3 de manera inmediata y manifest\u00f3 que exist\u00eda un constante apoyo, pero el movimiento hab\u00eda sido aprovechado para un golpeteo pol\u00edtico, por lo que ahora eran los estudiantes los que rechazaban el di\u00e1logo.<\/p>\n\n\n\n<figure class=\"wp-block-embed is-type-rich is-provider-twitter wp-block-embed-twitter\"><div class=\"wp-block-embed__wrapper\">\n<div class=\"twitter-tweet\"><blockquote class=\"twitter-tweet\" data-lang=\"es\"><p lang=\"es\" dir=\"ltr\"><a href=\"https:\/\/twitter.com\/hashtag\/%C3%9AltimoMinuto?src=hash&amp;ref_src=twsrc%5Etfw\">#\u00daltimoMinuto<\/a><br>Luego de alrededor de dos meses de \u201cplant\u00f3n\u201d, egresados normalistas levantan sus carpas en las calles Armenta y L\u00f3pez y Guerrero, centro de la ciudad de <a href=\"https:\/\/twitter.com\/hashtag\/Oaxaca?src=hash&amp;ref_src=twsrc%5Etfw\">#Oaxaca<\/a>. <br>Ni ellos ni las autoridades estatales informan de los acuerdos alcanzados. <br>Ped\u00edan plazas de maestros. <a href=\"https:\/\/t.co\/5JTZiYpBA7\">pic.twitter.com\/5JTZiYpBA7<\/a><\/p>&mdash; Zona Roja Oaxaca (@ZonaRoja_Oaxaca) <a href=\"https:\/\/twitter.com\/ZonaRoja_Oaxaca\/status\/1520052792106307585?ref_src=twsrc%5Etfw\">29 de abril de 2022<\/a><\/blockquote><\/div>\n<\/div><\/figure>\n\n\n\n<p>La \u201ctoma\u201d de urbanos, de al menos ocho por jornada de actividades, fue constante para el bloqueo de calles, hasta llegar a confrontarse con maestros \u201cde la vieja guardia\u201d, quienes criticaron las acciones de los futuros docentes.<\/p>\n\n\n\n<p>Entre las expresiones sobresali\u00f3: \u201c\u00a1Puro huev\u00f3n! \u00a1Soy maestra pero no de su generaci\u00f3n tonta! \u00a1Porque eso son, unos burros!\u201d; pero tambi\u00e9n la ciudadan\u00eda expres\u00f3 su hartazgo, \u201c\u00a1queremos otros 43!\u201d, grit\u00f3 en una ocasi\u00f3n un hombre a qui\u00e9n le obstaculizaban su trabajo.<\/p>\n\n\n\n<p>Pero el vandalismo de la CENEO tuvo consecuencias, pues la Escuela Normal Rural \u201cVanguardia\u201d de Tamazulpam, una de las m\u00e1s fuertes y forjadora de la coordinadora en marzo su retiro temporal del movimiento por considerar que el grupo hab\u00eda \u201cperdido el rumbo de sus objetivos\u201d.<\/p>\n\n\n\n<p>Una de las acciones violentas m\u00e1s trascendentes en esta jornada fue la agresi\u00f3n contra el reportero Mario Romero mientras documentaba en transmisi\u00f3n en vivo el saqueo que realizaban los normalistas a un cami\u00f3n repartidor de refrescos, el pasado 8 de abril.<\/p>\n\n\n\n<p>Los estudiantes rociaron de gas lacrim\u00f3geno al comunicador para impedir su labor, pero a pesar de haber quedado documentado el hecho y ser identificado el agresor, la Fiscal\u00eda General de Oaxaca a\u00fan no informa sobre la detenci\u00f3n del responsable.<\/p>\n\n\n\n<p>CITAS PARA PLAZAS<\/p>\n\n\n\n<p>Por medio de un comunicado este 27 de abril, la Secci\u00f3n 22 del SNTE inform\u00f3 sobre la calendarizaci\u00f3n para la recepci\u00f3n de documentos para los egresados normalistas 2017-2021, lo cual es con base a los acuerdos de una reuni\u00f3n del pasado 6 de abril.<\/p>\n\n\n\n<p>Las fechas quedaron abiertas desde el pasado 26 de abril y hasta el pr\u00f3ximo 10 de mayo, para incorporaci\u00f3n de docencia a educaci\u00f3n ind\u00edgena, especial, educaci\u00f3n f\u00edsica, primaria y preescolar. Y as\u00ed, los agresivos normalistas se retiraron para pronto dar clases a la ni\u00f1ez oaxaque\u00f1a.<\/p>\n","protected":false},"excerpt":{"rendered":"<p>Yuridiana Sosa\/Zona Roja. Oaxaca de Ju\u00e1rez, Oax., 29 de abril de 2022.- Luego de m\u00e1s&hellip;<\/p>\n","protected":false},"author":2,"featured_media":40587,"comment_status":"closed","ping_status":"open","sticky":false,"template":"","format":"standard","meta":{"_lmt_disableupdate":"","_lmt_disable":"","_jetpack_memberships_contains_paid_content":false,"footnotes":""},"categories":[109,48],"tags":[1916],"class_list":["post-40586","post","type-post","status-publish","format-standard","has-post-thumbnail","hentry","category-minuto-a-minuto","category-zona-critica","tag-protestas-estudiantes-normalistas-de-oaxaca"],"jetpack_featured_media_url":"https:\/\/zonaroja.com.mx\/wp-content\/uploads\/2022\/04\/Retiran-planton-normalistas-ciudad-de-Oaxaca.jpg","jetpack_sharing_enabled":true,"_links":{"self":[{"href":"https:\/\/zonaroja.com.mx\/index.php?rest_route=\/wp\/v2\/posts\/40586","targetHints":{"allow":["GET"]}}],"collection":[{"href":"https:\/\/zonaroja.com.mx\/index.php?rest_route=\/wp\/v2\/posts"}],"about":[{"href":"https:\/\/zonaroja.com.mx\/index.php?rest_route=\/wp\/v2\/types\/post"}],"author":[{"embeddable":true,"href":"https:\/\/zonaroja.com.mx\/index.php?rest_route=\/wp\/v2\/users\/2"}],"replies":[{"embeddable":true,"href":"https:\/\/zonaroja.com.mx\/index.php?rest_route=%2Fwp%2Fv2%2Fcomments&post=40586"}],"version-history":[{"count":1,"href":"https:\/\/zonaroja.com.mx\/index.php?rest_route=\/wp\/v2\/posts\/40586\/revisions"}],"predecessor-version":[{"id":40588,"href":"https:\/\/zonaroja.com.mx\/index.php?rest_route=\/wp\/v2\/posts\/40586\/revisions\/40588"}],"wp:featuredmedia":[{"embeddable":true,"href":"https:\/\/zonaroja.com.mx\/index.php?rest_route=\/wp\/v2\/media\/40587"}],"wp:attachment":[{"href":"https:\/\/zonaroja.com.mx\/index.php?rest_route=%2Fwp%2Fv2%2Fmedia&parent=40586"}],"wp:term":[{"taxonomy":"category","embeddable":true,"href":"https:\/\/zonaroja.com.mx\/index.php?rest_route=%2Fwp%2Fv2%2Fcategories&post=40586"},{"taxonomy":"post_tag","embeddable":true,"href":"https:\/\/zonaroja.com.mx\/index.php?rest_route=%2Fwp%2Fv2%2Ftags&post=40586"}],"curies":[{"name":"wp","href":"https:\/\/api.w.org\/{rel}","templated":true}]}}