{"id":40589,"date":"2022-04-29T21:32:33","date_gmt":"2022-04-30T02:32:33","guid":{"rendered":"http:\/\/www.zonaroja.com.mx\/?p=40589"},"modified":"2022-04-29T21:32:35","modified_gmt":"2022-04-30T02:32:35","slug":"detiene-fiscalia-a-probable-ladron-de-llantas-que-operaba-en-san-felipe-del-agua","status":"publish","type":"post","link":"https:\/\/zonaroja.com.mx\/?p=40589","title":{"rendered":"Detiene Fiscal\u00eda a probable ladr\u00f3n de llantas que operaba en San Felipe del Agua"},"content":{"rendered":"\n<p>Redacci\u00f3n\/Zona Roja.<\/p>\n\n\n\n<p>Oaxaca de Ju\u00e1rez, Oax., 29 de abril de 2022.- Un probable ladr\u00f3n de llantas de veh\u00edculos de lujo en la ciudad de Oaxaca, principalmente en la zona de San Felipe del Agua, fue detenido en flagrancia por personal de la Fiscal\u00eda General del Estado.<\/p>\n\n\n\n<p>Se trata de Ricardo V. F., de aproximadamente 24 a\u00f1os de edad, originario de San Luis Potos\u00ed pero vecino del estado de Puebla.<\/p>\n\n\n\n<p>Fue detenido en flagrancia la madrugada del 27 de abril en las riberas del r\u00edo \u201cAtoyac\u201d, cerca de la colonia Del Periodista de la capital, con una camioneta marca Renault, tipo Trafic, con placas de circulaci\u00f3n V55-BCL de la ciudad de M\u00e9xico.<\/p>\n\n\n\n<p>Tras la revisi\u00f3n a fuentes oficiales, arroj\u00f3 que la unidad ten\u00eda reporte de robo, adem\u00e1s, presentaba el n\u00famero de serie limado; en su interior tra\u00eda almenas 35 llantas con sus respectivos rines.<\/p>\n\n\n\n<p>En un comunicado, la Fiscal\u00eda General inform\u00f3 que present\u00f3 ante Juez a la persona del sexo masculino, probable responsable del delito de detentaci\u00f3n de objetos robados, en perjuicio patrimonial de diversas personas, cometido en diferentes puntos de la ciudad de Oaxaca de Ju\u00e1rez, en la regi\u00f3n de Valles Centrales.&nbsp;<\/p>\n\n\n\n<p>Luego de su detenci\u00f3n, el probable responsable fue puesto a disposici\u00f3n de la Direcci\u00f3n de Averiguaciones Previas y Procesos de la FGEO.<\/p>\n\n\n\n<p>De acuerdo a la carpeta de investigaci\u00f3n 14670\/FVCE\/OAXACA\/2022, en diferentes fechas, el imputado probablemente cometi\u00f3 una serie de robos de neum\u00e1ticos a veh\u00edculos de diversas personas, esto en inmediaciones de Infonavit Primero de Mayo, colonia El Arenal y la Agencia de San Felipe del Agua, por mencionar algunos, en la capital oaxaque\u00f1a.<\/p>\n\n\n\n<p>En audiencia, el imputado se acogi\u00f3 al t\u00e9rmino constitucional, mismo que fenece el pr\u00f3ximo 3 de mayo de 2022, quedando en prisi\u00f3n preventiva de manera provisional.<\/p>\n","protected":false},"excerpt":{"rendered":"<p>Redacci\u00f3n\/Zona Roja. Oaxaca de Ju\u00e1rez, Oax., 29 de abril de 2022.- Un probable ladr\u00f3n de&hellip;<\/p>\n","protected":false},"author":2,"featured_media":40590,"comment_status":"closed","ping_status":"open","sticky":false,"template":"","format":"standard","meta":{"_lmt_disableupdate":"","_lmt_disable":"","_jetpack_memberships_contains_paid_content":false,"footnotes":""},"categories":[109,47],"tags":[494],"class_list":["post-40589","post","type-post","status-publish","format-standard","has-post-thumbnail","hentry","category-minuto-a-minuto","category-zona-gris","tag-fiscalia-general-del-estado-de-oaxaca"],"jetpack_featured_media_url":"https:\/\/zonaroja.com.mx\/wp-content\/uploads\/2022\/04\/Detenido-ladron-de-llantas.jpg","jetpack_sharing_enabled":true,"_links":{"self":[{"href":"https:\/\/zonaroja.com.mx\/index.php?rest_route=\/wp\/v2\/posts\/40589","targetHints":{"allow":["GET"]}}],"collection":[{"href":"https:\/\/zonaroja.com.mx\/index.php?rest_route=\/wp\/v2\/posts"}],"about":[{"href":"https:\/\/zonaroja.com.mx\/index.php?rest_route=\/wp\/v2\/types\/post"}],"author":[{"embeddable":true,"href":"https:\/\/zonaroja.com.mx\/index.php?rest_route=\/wp\/v2\/users\/2"}],"replies":[{"embeddable":true,"href":"https:\/\/zonaroja.com.mx\/index.php?rest_route=%2Fwp%2Fv2%2Fcomments&post=40589"}],"version-history":[{"count":1,"href":"https:\/\/zonaroja.com.mx\/index.php?rest_route=\/wp\/v2\/posts\/40589\/revisions"}],"predecessor-version":[{"id":40591,"href":"https:\/\/zonaroja.com.mx\/index.php?rest_route=\/wp\/v2\/posts\/40589\/revisions\/40591"}],"wp:featuredmedia":[{"embeddable":true,"href":"https:\/\/zonaroja.com.mx\/index.php?rest_route=\/wp\/v2\/media\/40590"}],"wp:attachment":[{"href":"https:\/\/zonaroja.com.mx\/index.php?rest_route=%2Fwp%2Fv2%2Fmedia&parent=40589"}],"wp:term":[{"taxonomy":"category","embeddable":true,"href":"https:\/\/zonaroja.com.mx\/index.php?rest_route=%2Fwp%2Fv2%2Fcategories&post=40589"},{"taxonomy":"post_tag","embeddable":true,"href":"https:\/\/zonaroja.com.mx\/index.php?rest_route=%2Fwp%2Fv2%2Ftags&post=40589"}],"curies":[{"name":"wp","href":"https:\/\/api.w.org\/{rel}","templated":true}]}}