{"id":40592,"date":"2022-04-29T21:47:11","date_gmt":"2022-04-30T02:47:11","guid":{"rendered":"http:\/\/www.zonaroja.com.mx\/?p=40592"},"modified":"2022-04-29T21:47:12","modified_gmt":"2022-04-30T02:47:12","slug":"muere-en-oaxaca-mujer-policia-en-accidente-que-presuntamente-causo-patrulla","status":"publish","type":"post","link":"https:\/\/zonaroja.com.mx\/?p=40592","title":{"rendered":"Muere en Oaxaca mujer polic\u00eda en accidente que presuntamente caus\u00f3 patrulla"},"content":{"rendered":"\n<p>Redacci\u00f3n\/Zona Roja.<\/p>\n\n\n\n<p>Oaxaca de Ju\u00e1rez, Oax., 29 de abril de 2022.- Una mujer integrante de la polic\u00eda municipal de Magdalena Apasco, Etla, Oaxaca, perdi\u00f3 la vida hoy, tras un accidente presuntamente causado por una patrulla con un taxi del servicio colectivo.<\/p>\n\n\n\n<p>El percance se suscit\u00f3 alrededor del mediod\u00eda en la carretera federal 190, Oaxaca-M\u00e9xico, en jurisdicci\u00f3n de dicho municipio, en que se impactaron la unidad oficial tipo NP300, marca Nissan, sin placa de circulaci\u00f3n, conducida por el polic\u00eda \u00c1ngel C. H.m y el taxi del sitio \u00abSan Miguel Guelache\u00bb, tipo Tusuru, marca Nissan, con n\u00famero econ\u00f3mico 05-371, que tripulaba Emanuel M. N.<\/p>\n\n\n\n<p>Se presume que el responsable del choque fue el chofer de la patrulla, en que result\u00f3 lesionada de gravedad la uniformada Karina A. E., de 34 a\u00f1os de edad, quien fue trasladada a un hospital de la ciudad de Oaxaca, pero horas m\u00e1s tarde perdi\u00f3 la vida.<\/p>\n\n\n\n<p>Personal de la Agencia Estatal de Investigaciones, de la Fiscal\u00eda General del Estado, inici\u00f3 las indagatorias correspondientes y turn\u00f3 ante el Ministerio P\u00fablico a los dos choferes detenidos.<\/p>\n","protected":false},"excerpt":{"rendered":"<p>Redacci\u00f3n\/Zona Roja. Oaxaca de Ju\u00e1rez, Oax., 29 de abril de 2022.- Una mujer integrante de&hellip;<\/p>\n","protected":false},"author":2,"featured_media":40593,"comment_status":"closed","ping_status":"open","sticky":false,"template":"","format":"standard","meta":{"_lmt_disableupdate":"","_lmt_disable":"","_jetpack_memberships_contains_paid_content":false,"footnotes":""},"categories":[109,51],"tags":[1574],"class_list":["post-40592","post","type-post","status-publish","format-standard","has-post-thumbnail","hentry","category-minuto-a-minuto","category-zona-roja","tag-magdalena-apasco"],"jetpack_featured_media_url":"https:\/\/zonaroja.com.mx\/wp-content\/uploads\/2022\/04\/Mujer-policia-accidente-de-transito-Magdalena-Apasco.jpg","jetpack_sharing_enabled":true,"_links":{"self":[{"href":"https:\/\/zonaroja.com.mx\/index.php?rest_route=\/wp\/v2\/posts\/40592","targetHints":{"allow":["GET"]}}],"collection":[{"href":"https:\/\/zonaroja.com.mx\/index.php?rest_route=\/wp\/v2\/posts"}],"about":[{"href":"https:\/\/zonaroja.com.mx\/index.php?rest_route=\/wp\/v2\/types\/post"}],"author":[{"embeddable":true,"href":"https:\/\/zonaroja.com.mx\/index.php?rest_route=\/wp\/v2\/users\/2"}],"replies":[{"embeddable":true,"href":"https:\/\/zonaroja.com.mx\/index.php?rest_route=%2Fwp%2Fv2%2Fcomments&post=40592"}],"version-history":[{"count":1,"href":"https:\/\/zonaroja.com.mx\/index.php?rest_route=\/wp\/v2\/posts\/40592\/revisions"}],"predecessor-version":[{"id":40594,"href":"https:\/\/zonaroja.com.mx\/index.php?rest_route=\/wp\/v2\/posts\/40592\/revisions\/40594"}],"wp:featuredmedia":[{"embeddable":true,"href":"https:\/\/zonaroja.com.mx\/index.php?rest_route=\/wp\/v2\/media\/40593"}],"wp:attachment":[{"href":"https:\/\/zonaroja.com.mx\/index.php?rest_route=%2Fwp%2Fv2%2Fmedia&parent=40592"}],"wp:term":[{"taxonomy":"category","embeddable":true,"href":"https:\/\/zonaroja.com.mx\/index.php?rest_route=%2Fwp%2Fv2%2Fcategories&post=40592"},{"taxonomy":"post_tag","embeddable":true,"href":"https:\/\/zonaroja.com.mx\/index.php?rest_route=%2Fwp%2Fv2%2Ftags&post=40592"}],"curies":[{"name":"wp","href":"https:\/\/api.w.org\/{rel}","templated":true}]}}