{"id":40598,"date":"2022-04-30T08:30:00","date_gmt":"2022-04-30T13:30:00","guid":{"rendered":"http:\/\/www.zonaroja.com.mx\/?p=40598"},"modified":"2022-04-30T06:31:58","modified_gmt":"2022-04-30T11:31:58","slug":"niegan-que-se-haya-suspendido-proteccion-a-joven-saxofonista-de-oaxaca","status":"publish","type":"post","link":"https:\/\/zonaroja.com.mx\/?p=40598","title":{"rendered":"Niegan que se haya suspendido protecci\u00f3n a joven saxofonista de Oaxaca"},"content":{"rendered":"\n<p>Redacci\u00f3n\/Zona Roja Cdmx.<\/p>\n\n\n\n<p>Ciudad de M\u00e9xico, 30 de abril de 2022.- La Coordinaci\u00f3n Ejecutiva Nacional del Mecanismo de Protecci\u00f3n para Personas Defensoras de Derechos Humanos y Periodistas, rechaz\u00f3 que se hayan suspendido las medidas cautelares a Mar\u00eda Elena R\u00edos, joven saxofonista oaxaque\u00f1a que fue atacada con \u00e1cido en 2019.<\/p>\n\n\n\n<p>\u00abSobre el caso de la beneficiaria Mar\u00eda Elena R\u00edos, este mecanismo informa que las medidas de protecci\u00f3n contin\u00faan vigentes en la zona determinada, mismas que se adecuaron como resultado de la evaluaci\u00f3n de riesgo en su plan de protecci\u00f3n, el cual fue presentado ante la Junta de Gobierno en la Cent\u00e9sima Sexta Sesi\u00f3n Ordinaria\u00bb, indic\u00f3.<\/p>\n\n\n\n<p>Explic\u00f3 que el cambio en las medidas obedece a las evaluaciones de riesgo y fue aprobado por unanimidad por el \u00f3rgano colegiado de la Junta de Gobierno, integrada por la Secretar\u00eda de Gobernaci\u00f3n, la Fiscal\u00eda General de la Rep\u00fablica (FGR), la Secretar\u00eda de Relaciones Exteriores (SRE), Secretar\u00eda de Seguridad y Protecci\u00f3n Ciudadana (SSPC), Comisi\u00f3n Nacional de los Derechos Humanos (CNDH) y el Consejo Ciudadano, que es integrado por personas defensoras de derechos humanos y periodistas.<\/p>\n\n\n\n<p>\u00abCabe se\u00f1alar que la persona beneficiaria estuvo presente en la mesa de trabajo en la cual se aprob\u00f3 su plan de protecci\u00f3n y, asimismo, fue informada en su momento, sobre su derecho a recurrir a dicha resoluci\u00f3n, lo cual ejerci\u00f3 y se encuentra su recurso en tr\u00e1mite para ser resuelto por la Junta de Gobierno, quien determinar\u00e1 la confirmaci\u00f3n o modificaci\u00f3n de la decisi\u00f3n ya tomada\u00bb, detall\u00f3.<\/p>\n\n\n\n<p>De esta forma, neg\u00f3 que por falta de recursos financieros se hayan concluido o suspendido las medidas de protecci\u00f3n a la persona beneficiaria.<\/p>\n\n\n\n<p>(Informaci\u00f3n de \u201cExc\u00e9lsior\u201d)<\/p>\n","protected":false},"excerpt":{"rendered":"<p>Redacci\u00f3n\/Zona Roja Cdmx. Ciudad de M\u00e9xico, 30 de abril de 2022.- La Coordinaci\u00f3n Ejecutiva Nacional&hellip;<\/p>\n","protected":false},"author":2,"featured_media":28651,"comment_status":"closed","ping_status":"open","sticky":false,"template":"","format":"standard","meta":{"_lmt_disableupdate":"","_lmt_disable":"","_jetpack_memberships_contains_paid_content":false,"footnotes":""},"categories":[109,47],"tags":[1124],"class_list":["post-40598","post","type-post","status-publish","format-standard","has-post-thumbnail","hentry","category-minuto-a-minuto","category-zona-gris","tag-maria-elena-rios-ortiz"],"jetpack_featured_media_url":"https:\/\/zonaroja.com.mx\/wp-content\/uploads\/2021\/06\/Maria-Elena-Rios-3.jpg","jetpack_sharing_enabled":true,"_links":{"self":[{"href":"https:\/\/zonaroja.com.mx\/index.php?rest_route=\/wp\/v2\/posts\/40598","targetHints":{"allow":["GET"]}}],"collection":[{"href":"https:\/\/zonaroja.com.mx\/index.php?rest_route=\/wp\/v2\/posts"}],"about":[{"href":"https:\/\/zonaroja.com.mx\/index.php?rest_route=\/wp\/v2\/types\/post"}],"author":[{"embeddable":true,"href":"https:\/\/zonaroja.com.mx\/index.php?rest_route=\/wp\/v2\/users\/2"}],"replies":[{"embeddable":true,"href":"https:\/\/zonaroja.com.mx\/index.php?rest_route=%2Fwp%2Fv2%2Fcomments&post=40598"}],"version-history":[{"count":1,"href":"https:\/\/zonaroja.com.mx\/index.php?rest_route=\/wp\/v2\/posts\/40598\/revisions"}],"predecessor-version":[{"id":40599,"href":"https:\/\/zonaroja.com.mx\/index.php?rest_route=\/wp\/v2\/posts\/40598\/revisions\/40599"}],"wp:featuredmedia":[{"embeddable":true,"href":"https:\/\/zonaroja.com.mx\/index.php?rest_route=\/wp\/v2\/media\/28651"}],"wp:attachment":[{"href":"https:\/\/zonaroja.com.mx\/index.php?rest_route=%2Fwp%2Fv2%2Fmedia&parent=40598"}],"wp:term":[{"taxonomy":"category","embeddable":true,"href":"https:\/\/zonaroja.com.mx\/index.php?rest_route=%2Fwp%2Fv2%2Fcategories&post=40598"},{"taxonomy":"post_tag","embeddable":true,"href":"https:\/\/zonaroja.com.mx\/index.php?rest_route=%2Fwp%2Fv2%2Ftags&post=40598"}],"curies":[{"name":"wp","href":"https:\/\/api.w.org\/{rel}","templated":true}]}}