{"id":40609,"date":"2022-04-30T06:57:12","date_gmt":"2022-04-30T11:57:12","guid":{"rendered":"http:\/\/www.zonaroja.com.mx\/?p=40609"},"modified":"2022-04-30T06:57:14","modified_gmt":"2022-04-30T11:57:14","slug":"migracion-el-tema-central-de-la-reunion-virtual-entre-joe-biden-y-amlo","status":"publish","type":"post","link":"https:\/\/zonaroja.com.mx\/?p=40609","title":{"rendered":"Migraci\u00f3n, el tema central de la reuni\u00f3n virtual entre Joe Biden y AMLO"},"content":{"rendered":"\n<p>Redacci\u00f3n\/Zona Roja Cdmx.<\/p>\n\n\n\n<p>Ciudad de M\u00e9xico, 30 de abril de 2022.- El presidente estadounidense, Joe Biden, y su hom\u00f3logo mexicano, Andr\u00e9s Manuel L\u00f3pez Obrador, mantuvieron este viernes una conversaci\u00f3n \u201cconstructiva\u201d centrada principalmente en migraci\u00f3n, asegur\u00f3 la portavoz de la Casa Blanca, Jen Psaki.<\/p>\n\n\n\n<p>La reuni\u00f3n virtual entre Biden y L\u00f3pez Obrador dur\u00f3 52 minutos y \u201cla mayor parte de la conversaci\u00f3n fue sobre migraci\u00f3n\u201d, sobre c\u00f3mo coordinar una estrategia para \u201creducir la migraci\u00f3n a la frontera\u201d com\u00fan, recalc\u00f3 Psaki en su rueda de prensa diaria, poco despu\u00e9s de que terminara la llamada.<\/p>\n\n\n\n<p>\u201cEl tono de la llamada fue muy constructivo\u201d, a\u00f1adi\u00f3 la portavoz.<\/p>\n\n\n\n<p>A la par, el presidente L\u00f3pez Obrador comparti\u00f3 en su cuenta de Twitter que, tras la llamada, el canciller Marcelo Ebrard viajar\u00e1 a Washington el lunes para avanzar en temas de cooperaci\u00f3n para el desarrollo y sobre la Cumbre de las Am\u00e9ricas.<\/p>\n\n\n\n<p>Psaki no aclar\u00f3 si Biden hizo alguna petici\u00f3n concreta a L\u00f3pez Obrador para que refuerce la frontera sur de M\u00e9xico e impida el paso de m\u00e1s inmigrantes indocumentados que se dirijan a Estados Unidos, pero quiso distanciar la postura del presidente estadounidense con la de su predecesor, Donald Trump (2017-2021).<\/p>\n\n\n\n<p>\u201cEsta no fue una llamada en la que el presidente Biden estuviera amenazando al presidente mexicano en ning\u00fan sentido.<\/p>\n\n\n\n<p>\u201cHan sido un socio importante (los mexicanos), esperamos que sigan si\u00e9ndolo y esta llamada se program\u00f3 en parte debido a la Cumbre de las Am\u00e9ricas (que se celebrar\u00e1 en junio en Los \u00c1ngeles), pero tambi\u00e9n porque se acerca el levantamiento del T\u00edtulo 42\u2033, agreg\u00f3.<\/p>\n\n\n\n<p>El T\u00edtulo 42 es una medida amparada en la pandemia que impusieron los Centros para el Control y Prevenci\u00f3n de Enfermedades (CDC, en ingl\u00e9s) en 2020, durante el mandato del entonces presidente, Donald Trump, y que ha continuado bajo Biden.<\/p>\n\n\n\n<p>Esa medida implica que Estados Unidos deporta autom\u00e1ticamente a la mayor\u00eda de los inmigrantes indocumentados que llegan a su frontera sur, sin darles la oportunidad de solicitar asilo.<\/p>\n\n\n\n<p>Los CDC anunciaron recientemente su plan de rescindir esa medida el pr\u00f3ximo 23 de mayo, pero esa decisi\u00f3n depende ahora de la decisi\u00f3n de un juez de Luisiana, que suspendi\u00f3 por 14 d\u00edas los preparativos de la Administraci\u00f3n para acabar con esa norma.<\/p>\n\n\n\n<p>El magistrado fij\u00f3 una audiencia para el pr\u00f3ximo 13 de mayo, en la que podr\u00eda adoptar una resoluci\u00f3n definitiva sobre el futuro del T\u00edtulo 42.<\/p>\n\n\n\n<p>Mientras tanto, el gobierno estadounidense est\u00e1 trabajando con sus aliados en la regi\u00f3n \u201cpara crear un enfoque m\u00e1s cohesionado y global\u201d para manejar los flujos migratorios en el continente y prevenir una posible llegada masiva de indocumentados a la frontera sur de Estados Unidos.<\/p>\n\n\n\n<p>(Informaci\u00f3n de agencia EFE en \u201cEl Financiero\u201d)<\/p>\n","protected":false},"excerpt":{"rendered":"<p>Redacci\u00f3n\/Zona Roja Cdmx. Ciudad de M\u00e9xico, 30 de abril de 2022.- El presidente estadounidense, Joe&hellip;<\/p>\n","protected":false},"author":2,"featured_media":40610,"comment_status":"closed","ping_status":"open","sticky":false,"template":"","format":"standard","meta":{"_lmt_disableupdate":"","_lmt_disable":"","_jetpack_memberships_contains_paid_content":false,"footnotes":""},"categories":[109,47],"tags":[143],"class_list":["post-40609","post","type-post","status-publish","format-standard","has-post-thumbnail","hentry","category-minuto-a-minuto","category-zona-gris","tag-andres-manuel-lopez-obrador"],"jetpack_featured_media_url":"https:\/\/zonaroja.com.mx\/wp-content\/uploads\/2022\/04\/Lopez-Obrador-y-Biden-llamada.png","jetpack_sharing_enabled":true,"_links":{"self":[{"href":"https:\/\/zonaroja.com.mx\/index.php?rest_route=\/wp\/v2\/posts\/40609","targetHints":{"allow":["GET"]}}],"collection":[{"href":"https:\/\/zonaroja.com.mx\/index.php?rest_route=\/wp\/v2\/posts"}],"about":[{"href":"https:\/\/zonaroja.com.mx\/index.php?rest_route=\/wp\/v2\/types\/post"}],"author":[{"embeddable":true,"href":"https:\/\/zonaroja.com.mx\/index.php?rest_route=\/wp\/v2\/users\/2"}],"replies":[{"embeddable":true,"href":"https:\/\/zonaroja.com.mx\/index.php?rest_route=%2Fwp%2Fv2%2Fcomments&post=40609"}],"version-history":[{"count":1,"href":"https:\/\/zonaroja.com.mx\/index.php?rest_route=\/wp\/v2\/posts\/40609\/revisions"}],"predecessor-version":[{"id":40611,"href":"https:\/\/zonaroja.com.mx\/index.php?rest_route=\/wp\/v2\/posts\/40609\/revisions\/40611"}],"wp:featuredmedia":[{"embeddable":true,"href":"https:\/\/zonaroja.com.mx\/index.php?rest_route=\/wp\/v2\/media\/40610"}],"wp:attachment":[{"href":"https:\/\/zonaroja.com.mx\/index.php?rest_route=%2Fwp%2Fv2%2Fmedia&parent=40609"}],"wp:term":[{"taxonomy":"category","embeddable":true,"href":"https:\/\/zonaroja.com.mx\/index.php?rest_route=%2Fwp%2Fv2%2Fcategories&post=40609"},{"taxonomy":"post_tag","embeddable":true,"href":"https:\/\/zonaroja.com.mx\/index.php?rest_route=%2Fwp%2Fv2%2Ftags&post=40609"}],"curies":[{"name":"wp","href":"https:\/\/api.w.org\/{rel}","templated":true}]}}