{"id":40612,"date":"2022-04-30T07:02:52","date_gmt":"2022-04-30T12:02:52","guid":{"rendered":"http:\/\/www.zonaroja.com.mx\/?p=40612"},"modified":"2022-04-30T07:02:53","modified_gmt":"2022-04-30T12:02:53","slug":"oaxaca-y-guerrero-firman-acuerdo-para-reforzar-la-seguridad","status":"publish","type":"post","link":"https:\/\/zonaroja.com.mx\/?p=40612","title":{"rendered":"Oaxaca y Guerrero firman acuerdo para reforzar la seguridad"},"content":{"rendered":"\n<p>Redacci\u00f3n\/Zona Roja.<\/p>\n\n\n\n<p>Oaxaca de Ju\u00e1rez, Oax., 30 de abril de 2022.- El gobernador Alejandro Murat y el fiscal Arturo Peimbert, encabezaron la Reuni\u00f3n de Coordinaci\u00f3n Interestatal para la Construcci\u00f3n de la paz y seguridad de los estados de Guerrero y Oaxaca.<\/p>\n\n\n\n<p>Acordaron formular pol\u00edticas integrales, programas y estrategias en materia de seguridad p\u00fablica y procuraci\u00f3n de justicia, as\u00ed como el establecimiento de un Cuartel Regional de Santiago Pinotepa Nacional.&nbsp;<\/p>\n\n\n\n<p>Durante esta reuni\u00f3n bilateral se inform\u00f3 que gracias a los trabajos de seguridad y procuraci\u00f3n de justicia, Oaxaca y Guerrero se encuentran en la lista de las 10 entidades m\u00e1s seguras a nivel nacional, esto en incidencia de delitos del fuero com\u00fan por cada 100 mil habitantes.<\/p>\n\n\n\n<p>Como parte de esta Reuni\u00f3n de Coordinaci\u00f3n Interestatal, Alejandro Murat y Evelyn Salgado, mandatarios estatales, atestiguaron la firma de un convenio de colaboraci\u00f3n en materia de procuraci\u00f3n de justicia entre los estados de Oaxaca y Guerrero.&nbsp;<\/p>\n\n\n\n<p>El documento fue signado por el fiscal General del Estado de Oaxaca, Arturo de Jes\u00fas Peimbert Calvo, y su hom\u00f3loga de Guerrero, Sandra Luz Valdovinos Salmer\u00f3n.<\/p>\n\n\n\n<figure class=\"wp-block-embed is-type-rich is-provider-twitter wp-block-embed-twitter\"><div class=\"wp-block-embed__wrapper\">\n<div class=\"twitter-tweet\"><blockquote class=\"twitter-tweet\" data-lang=\"es\"><p lang=\"es\" dir=\"ltr\">La titular de la <a href=\"https:\/\/twitter.com\/SSP_GobOax?ref_src=twsrc%5Etfw\">@SSP_GobOax<\/a>, <a href=\"https:\/\/twitter.com\/DaliaBnoyola?ref_src=twsrc%5Etfw\">@DaliaBnoyola<\/a>, particip\u00f3 tambi\u00e9n en la reuni\u00f3n de Coordinaci\u00f3n Interestatal para la Construcci\u00f3n de Paz y Seguridad de los estados de <a href=\"https:\/\/twitter.com\/hashtag\/Oaxaca?src=hash&amp;ref_src=twsrc%5Etfw\">#Oaxaca<\/a>-Guerrero, junto con los gobernadores <a href=\"https:\/\/twitter.com\/EvelynSalgadoP?ref_src=twsrc%5Etfw\">@EvelynSalgadoP<\/a> y <a href=\"https:\/\/twitter.com\/alejandromurat?ref_src=twsrc%5Etfw\">@alejandromurat<\/a>. <a href=\"https:\/\/t.co\/nXb4ObDn0Z\">pic.twitter.com\/nXb4ObDn0Z<\/a><\/p>&mdash; Zona Roja Oaxaca (@ZonaRoja_Oaxaca) <a href=\"https:\/\/twitter.com\/ZonaRoja_Oaxaca\/status\/1520234429012070400?ref_src=twsrc%5Etfw\">30 de abril de 2022<\/a><\/blockquote><\/div>\n<\/div><\/figure>\n","protected":false},"excerpt":{"rendered":"<p>Redacci\u00f3n\/Zona Roja. Oaxaca de Ju\u00e1rez, Oax., 30 de abril de 2022.- El gobernador Alejandro Murat&hellip;<\/p>\n","protected":false},"author":2,"featured_media":40607,"comment_status":"closed","ping_status":"open","sticky":false,"template":"","format":"standard","meta":{"_lmt_disableupdate":"","_lmt_disable":"","_jetpack_memberships_contains_paid_content":false,"footnotes":""},"categories":[109,46],"tags":[173],"class_list":["post-40612","post","type-post","status-publish","format-standard","has-post-thumbnail","hentry","category-minuto-a-minuto","category-zona-blanca","tag-alejandro-murat-hinojosa"],"jetpack_featured_media_url":"https:\/\/zonaroja.com.mx\/wp-content\/uploads\/2022\/04\/Convenio-Oaxaca-Guerrero-Murat.jpg","jetpack_sharing_enabled":true,"_links":{"self":[{"href":"https:\/\/zonaroja.com.mx\/index.php?rest_route=\/wp\/v2\/posts\/40612","targetHints":{"allow":["GET"]}}],"collection":[{"href":"https:\/\/zonaroja.com.mx\/index.php?rest_route=\/wp\/v2\/posts"}],"about":[{"href":"https:\/\/zonaroja.com.mx\/index.php?rest_route=\/wp\/v2\/types\/post"}],"author":[{"embeddable":true,"href":"https:\/\/zonaroja.com.mx\/index.php?rest_route=\/wp\/v2\/users\/2"}],"replies":[{"embeddable":true,"href":"https:\/\/zonaroja.com.mx\/index.php?rest_route=%2Fwp%2Fv2%2Fcomments&post=40612"}],"version-history":[{"count":1,"href":"https:\/\/zonaroja.com.mx\/index.php?rest_route=\/wp\/v2\/posts\/40612\/revisions"}],"predecessor-version":[{"id":40613,"href":"https:\/\/zonaroja.com.mx\/index.php?rest_route=\/wp\/v2\/posts\/40612\/revisions\/40613"}],"wp:featuredmedia":[{"embeddable":true,"href":"https:\/\/zonaroja.com.mx\/index.php?rest_route=\/wp\/v2\/media\/40607"}],"wp:attachment":[{"href":"https:\/\/zonaroja.com.mx\/index.php?rest_route=%2Fwp%2Fv2%2Fmedia&parent=40612"}],"wp:term":[{"taxonomy":"category","embeddable":true,"href":"https:\/\/zonaroja.com.mx\/index.php?rest_route=%2Fwp%2Fv2%2Fcategories&post=40612"},{"taxonomy":"post_tag","embeddable":true,"href":"https:\/\/zonaroja.com.mx\/index.php?rest_route=%2Fwp%2Fv2%2Ftags&post=40612"}],"curies":[{"name":"wp","href":"https:\/\/api.w.org\/{rel}","templated":true}]}}