{"id":40614,"date":"2022-04-30T07:35:41","date_gmt":"2022-04-30T12:35:41","guid":{"rendered":"http:\/\/www.zonaroja.com.mx\/?p=40614"},"modified":"2022-04-30T07:35:42","modified_gmt":"2022-04-30T12:35:42","slug":"sentencia-a-20-anos-de-prision-a-sujeto-que-violo-a-dos-ninas-en-tuxtepec","status":"publish","type":"post","link":"https:\/\/zonaroja.com.mx\/?p=40614","title":{"rendered":"Sentencia a 20 a\u00f1os de prisi\u00f3n a sujeto que viol\u00f3 a dos ni\u00f1as en Tuxtepec"},"content":{"rendered":"\n<p>Redacci\u00f3n\/Zona Roja.<\/p>\n\n\n\n<p>Oaxaca de Ju\u00e1rez, Oax., 30 de abril de 2022.- La Fiscal\u00eda General del Estado de Oaxaca (FGEO) obtuvo, del Tribunal de Enjuiciamiento, sentencia condenatoria de 20 a\u00f1os de prisi\u00f3n contra la persona del sexo masculino identificada como J. A. T. F., responsable de los delitos de violaci\u00f3n equiparada y abuso sexual contra dos ni\u00f1as, cometido en jurisdicci\u00f3n de San Juan Bautista Tuxtepec, en la regi\u00f3n de la Cuenca.<\/p>\n\n\n\n<p>De acuerdo con la causa penal 144\/2020, en los meses de mayo y junio de 2020, el imputado agredi\u00f3 de manera sexual a las v\u00edctimas, en el interior de un domicilio ubicado la colonia Riveras del Atoyac de Tuxtepec.<\/p>\n\n\n\n<p>Ante este hecho y tras la denuncia presentada por familiares de la v\u00edctima, la Instituci\u00f3n de procuraci\u00f3n de justicia inici\u00f3 una exhaustiva investigaci\u00f3n -a cargo de la Vicefiscal\u00eda Regional de la Cuenca-, cumplimentando orden de aprehensi\u00f3n en contra del agresor sexual, quien tras ser presentado ante el Juzgado de Control fue vinculado a proceso.<\/p>\n\n\n\n<p>En audiencia, el Tribunal de Enjuiciamiento dict\u00f3 sentencia condenatoria contra J. A. T. F., imponiendo la pena de 20 a\u00f1os de prisi\u00f3n, ordenando el pago de una multa por m\u00e1s de 147 mil pesos y la reparaci\u00f3n del da\u00f1o en abstracto.<\/p>\n\n\n\n<p>CONTRA SU MADRE<\/p>\n\n\n\n<p>Por otra parte, en puntual seguimiento al caso, la Fiscal\u00eda General del Estado de Oaxaca (FGEO) obtuvo, del Tribunal de Enjuiciamiento, sentencia condenatoria de 3 a\u00f1os de prisi\u00f3n contra la persona del sexo masculino identificada como J. A. C. P., responsable del delito de violencia familiar en agravio de la mujer identificada como C. P. H. (madre), cometido en San Juan Bautista Tuxtepec, en la regi\u00f3n de la Cuenca del Papaloapan.<\/p>\n\n\n\n<p>De acuerdo con la carpeta de investigaci\u00f3n 34587\/FCUE\/TUXTEPEC\/2020, el 7 de noviembre de 2020, el imputado agredi\u00f3 de manera f\u00edsica a la v\u00edctima cuando se encontraban en su domicilio particular ubicado en inmediaciones de la colonia Las Flores, perteneciente al referido municipio.<\/p>\n\n\n\n<p>Ante este hecho y tras la denuncia presentada, la instituci\u00f3n de procuraci\u00f3n de justicia -a trav\u00e9s de la Vicefiscal\u00eda Regional de la Cuenca- inici\u00f3 la investigaci\u00f3n correspondiente, logrando presentar al imputado ante el Juez de Control, quien tras validar los datos de prueba aportados, determin\u00f3 vincularlo a proceso.<\/p>\n\n\n\n<p>En audiencia, el Tribunal de Enjuiciamiento dict\u00f3 sentencia condenatoria contra J. A. C. P., imponiendo la pena de 3 a\u00f1os de prisi\u00f3n y orden\u00f3 el pago de una multa y la reparaci\u00f3n del da\u00f1o en abstracto.<\/p>\n\n\n\n<p>La Fiscal\u00eda General no permitir\u00e1 que actos que atenten contra la integridad de mujeres, ni\u00f1as, ni\u00f1os y adolescentes queden impunes, presentando ante la justicia y aplicando la Ley sin distingo a quien resulte responsable.<\/p>\n\n\n\n<p>(Comunicado)<\/p>\n","protected":false},"excerpt":{"rendered":"<p>Redacci\u00f3n\/Zona Roja. Oaxaca de Ju\u00e1rez, Oax., 30 de abril de 2022.- La Fiscal\u00eda General del&hellip;<\/p>\n","protected":false},"author":2,"featured_media":40450,"comment_status":"closed","ping_status":"open","sticky":false,"template":"","format":"standard","meta":{"_lmt_disableupdate":"","_lmt_disable":"","_jetpack_memberships_contains_paid_content":false,"footnotes":""},"categories":[109,47],"tags":[494],"class_list":["post-40614","post","type-post","status-publish","format-standard","has-post-thumbnail","hentry","category-minuto-a-minuto","category-zona-gris","tag-fiscalia-general-del-estado-de-oaxaca"],"jetpack_featured_media_url":"https:\/\/zonaroja.com.mx\/wp-content\/uploads\/2022\/04\/juez-juzgado-sentencia.jpg","jetpack_sharing_enabled":true,"_links":{"self":[{"href":"https:\/\/zonaroja.com.mx\/index.php?rest_route=\/wp\/v2\/posts\/40614","targetHints":{"allow":["GET"]}}],"collection":[{"href":"https:\/\/zonaroja.com.mx\/index.php?rest_route=\/wp\/v2\/posts"}],"about":[{"href":"https:\/\/zonaroja.com.mx\/index.php?rest_route=\/wp\/v2\/types\/post"}],"author":[{"embeddable":true,"href":"https:\/\/zonaroja.com.mx\/index.php?rest_route=\/wp\/v2\/users\/2"}],"replies":[{"embeddable":true,"href":"https:\/\/zonaroja.com.mx\/index.php?rest_route=%2Fwp%2Fv2%2Fcomments&post=40614"}],"version-history":[{"count":1,"href":"https:\/\/zonaroja.com.mx\/index.php?rest_route=\/wp\/v2\/posts\/40614\/revisions"}],"predecessor-version":[{"id":40615,"href":"https:\/\/zonaroja.com.mx\/index.php?rest_route=\/wp\/v2\/posts\/40614\/revisions\/40615"}],"wp:featuredmedia":[{"embeddable":true,"href":"https:\/\/zonaroja.com.mx\/index.php?rest_route=\/wp\/v2\/media\/40450"}],"wp:attachment":[{"href":"https:\/\/zonaroja.com.mx\/index.php?rest_route=%2Fwp%2Fv2%2Fmedia&parent=40614"}],"wp:term":[{"taxonomy":"category","embeddable":true,"href":"https:\/\/zonaroja.com.mx\/index.php?rest_route=%2Fwp%2Fv2%2Fcategories&post=40614"},{"taxonomy":"post_tag","embeddable":true,"href":"https:\/\/zonaroja.com.mx\/index.php?rest_route=%2Fwp%2Fv2%2Ftags&post=40614"}],"curies":[{"name":"wp","href":"https:\/\/api.w.org\/{rel}","templated":true}]}}