{"id":40616,"date":"2022-04-30T11:39:00","date_gmt":"2022-04-30T16:39:00","guid":{"rendered":"http:\/\/www.zonaroja.com.mx\/?p=40616"},"modified":"2022-04-30T07:40:31","modified_gmt":"2022-04-30T12:40:31","slug":"pepe-estefan-de-junior-priista-a-aliado-de-la-4t-deudor-y-agresor-de-mujeres","status":"publish","type":"post","link":"https:\/\/zonaroja.com.mx\/?p=40616","title":{"rendered":"Pepe Estefan: de j\u00fanior priista a aliado de la 4T, deudor y agresor de mujeres"},"content":{"rendered":"\n<p>Yuridiana Sosa\/Zona Roja.<\/p>\n\n\n\n<p>Oaxaca de Ju\u00e1rez, Oax., 30 de abril de 2022.- La carrera pol\u00edtica de Jos\u00e9 Antonio Estefan Guillesen es muy corta. De j\u00fanior priista devino por conveniencia a militante del PVEM y ahora aliado de la 4T. Pero su carrera es larga en denuncia por violencia pol\u00edtica y de g\u00e9nero, deudas, acoso y hasta bloqueo pol\u00edtico a los propios militantes del Verde Ecologista.<\/p>\n\n\n\n<p>Esta semana, el diputado federal y presidente del Partido Verde Ecologista de M\u00e9xico en Oaxaca, Jos\u00e9 Antonio&nbsp;Estefan&nbsp;Gillessen, fue denunciado por una mujer por violentar sus derechos.<\/p>\n\n\n\n<p>Adriana L\u00f3pez, proveedora de lonas impresas para la campa\u00f1a pol\u00edtica 2020-2021, se manifest\u00f3 en la puerta de la sede del Partido Verde en la capital para hacer p\u00fablico el adeudo por m\u00e1s de 158 mil pesos que mantiene el diputado federal con dicha prestadora de servicios desde hace m\u00e1s de un a\u00f1o.<\/p>\n\n\n\n<p>Este jueves, la prestadora de servicios de publicidad en la capital se\u00f1al\u00f3 que el aliado de Morena ha violentado sus derechos con esta omisi\u00f3n que parece no tener soluci\u00f3n a pesar que ha buscado al deudor desde que concluy\u00f3 el proceso electoral pasado.<\/p>\n\n\n\n<p>La mujer expres\u00f3 que luego de casi un a\u00f1o de tratar de localizar a Estefan&nbsp;Gillessen, en d\u00edas pasado finalmente tuvo respuesta de \u00e9l s\u00f3lo por medio de un mensaje, quien la dirigi\u00f3 con un asiste, con quien se acord\u00f3 un pago para el pasado 27 de abril, pero ahora el empleado del diputado excusa que no ha localizado a su jefe para autorizar el movimiento del dinero.<\/p>\n\n\n\n<p>Con una lona en mano con la consigna \u201cPepe p\u00e1game\u201d, Adriana L\u00f3pez expuso que la insistencia del pago tambi\u00e9n se debe a que debe cubrir costosos tratamientos de salud para su hijo en la Ciudad de M\u00e9xico, y ese adeudo le ha tra\u00eddo complicaciones para solventar esta necesidad m\u00e9dica.<\/p>\n\n\n\n<p>Es as\u00ed como el presidente del PVEM en Oaxaca, hijo del connotado priista Jos\u00e9 Antonio Estefan Garfias, adem\u00e1s de incumplir con el pago de un trabajo ya entregado, transgredir sobre los ingresos econ\u00f3micos de los trabajadores de la imprenta, tambi\u00e9n incide en el tema de salud.<\/p>\n\n\n\n<p>AGRESIONES ANTERIORES<\/p>\n\n\n\n<p>El dirigente del PVEM en Oaxaca, ahora aliado de Morena para el proceso electoral a la gubernatura de Oaxaca, Jos\u00e9 Antonio&nbsp;Estefan&nbsp;Gillessen se ha visto envuelto en otros l\u00edos legales por violencia de g\u00e9nero contra integrantes de su mismo partido.<\/p>\n\n\n\n<p>En diciembre pasado, la secretaria de la Mujer del Partido Verde Ecologista de M\u00e9xico (PVEM) en Oaxaca, Aurora L\u00f3pez Acevedo, denunci\u00f3 al presidente de su partido de violencia f\u00edsica y verbal por exigir participar en el proceso de renovaci\u00f3n de la dirigencia estatal.<\/p>\n\n\n\n<p>Posteriormente, la abogada Ana Karen Ram\u00edrez Pastrana \u2013ex trabajadora en el partido- denunci\u00f3 violencia pol\u00edtica por parte de Estefan&nbsp;Gillessen, la cual escal\u00f3, desde su despido injustificado hasta amenazas de muerte por hacer p\u00fablico el proceso de la denuncia laboral, en la que ofrec\u00eda un pago irrisorio por su trabajo.<\/p>\n\n\n\n<p>\u201cNo vas a ser la primera ni la \u00fanica a la que le pase esto\u201d, fue uno de los mensajes con los que se dirigi\u00f3 el dirigente del Partido Verde en Oaxaca y diputado federal a la abogada, quien dio a conocer en redes sociales la situaci\u00f3n que enfrentaba.<\/p>\n","protected":false},"excerpt":{"rendered":"<p>Yuridiana Sosa\/Zona Roja. Oaxaca de Ju\u00e1rez, Oax., 30 de abril de 2022.- La carrera pol\u00edtica&hellip;<\/p>\n","protected":false},"author":2,"featured_media":40572,"comment_status":"closed","ping_status":"open","sticky":false,"template":"","format":"standard","meta":{"_lmt_disableupdate":"","_lmt_disable":"","_jetpack_memberships_contains_paid_content":false,"footnotes":""},"categories":[109,47],"tags":[3122],"class_list":["post-40616","post","type-post","status-publish","format-standard","has-post-thumbnail","hentry","category-minuto-a-minuto","category-zona-gris","tag-jose-antonio-estefan-guillesen"],"jetpack_featured_media_url":"https:\/\/zonaroja.com.mx\/wp-content\/uploads\/2022\/04\/Jose-Estefan-Guillesen.jpg","jetpack_sharing_enabled":true,"_links":{"self":[{"href":"https:\/\/zonaroja.com.mx\/index.php?rest_route=\/wp\/v2\/posts\/40616","targetHints":{"allow":["GET"]}}],"collection":[{"href":"https:\/\/zonaroja.com.mx\/index.php?rest_route=\/wp\/v2\/posts"}],"about":[{"href":"https:\/\/zonaroja.com.mx\/index.php?rest_route=\/wp\/v2\/types\/post"}],"author":[{"embeddable":true,"href":"https:\/\/zonaroja.com.mx\/index.php?rest_route=\/wp\/v2\/users\/2"}],"replies":[{"embeddable":true,"href":"https:\/\/zonaroja.com.mx\/index.php?rest_route=%2Fwp%2Fv2%2Fcomments&post=40616"}],"version-history":[{"count":1,"href":"https:\/\/zonaroja.com.mx\/index.php?rest_route=\/wp\/v2\/posts\/40616\/revisions"}],"predecessor-version":[{"id":40617,"href":"https:\/\/zonaroja.com.mx\/index.php?rest_route=\/wp\/v2\/posts\/40616\/revisions\/40617"}],"wp:featuredmedia":[{"embeddable":true,"href":"https:\/\/zonaroja.com.mx\/index.php?rest_route=\/wp\/v2\/media\/40572"}],"wp:attachment":[{"href":"https:\/\/zonaroja.com.mx\/index.php?rest_route=%2Fwp%2Fv2%2Fmedia&parent=40616"}],"wp:term":[{"taxonomy":"category","embeddable":true,"href":"https:\/\/zonaroja.com.mx\/index.php?rest_route=%2Fwp%2Fv2%2Fcategories&post=40616"},{"taxonomy":"post_tag","embeddable":true,"href":"https:\/\/zonaroja.com.mx\/index.php?rest_route=%2Fwp%2Fv2%2Ftags&post=40616"}],"curies":[{"name":"wp","href":"https:\/\/api.w.org\/{rel}","templated":true}]}}