{"id":40621,"date":"2022-04-30T12:00:59","date_gmt":"2022-04-30T17:00:59","guid":{"rendered":"https:\/\/www.zonaroja.com.mx\/?p=40621"},"modified":"2022-04-30T12:02:28","modified_gmt":"2022-04-30T17:02:28","slug":"poblacion-infantil-indigena-y-afro-en-oaxaca-de-las-mayores-en-el-pais","status":"publish","type":"post","link":"https:\/\/zonaroja.com.mx\/?p=40621","title":{"rendered":"Poblaci\u00f3n infantil ind\u00edgena y afro en Oaxaca, de las mayores en el pa\u00eds"},"content":{"rendered":"\n<p>Yuridiana Sosa\/Zona Roja.<\/p>\n\n\n\n<p>Oaxaca de Ju\u00e1rez, Oax., 30 de abril de 2022.- Oaxaca cuenta con una de las poblaciones infantiles ind\u00edgenas y afromexicanas m\u00e1s numerosas en nuestro pa\u00eds, de acuerdo con el Instituto Nacional de Estad\u00edstica y Geograf\u00eda (Inegi).<\/p>\n\n\n\n<p>Hasta el 2020, en M\u00e9xico se contabilizaron a 25.2 millones de ni\u00f1as y ni\u00f1os de 0 a 11 a\u00f1os, lo que representa que uno de cada cinco habitantes en territorio mexicano son poblaci\u00f3n infantil, report\u00f3 la instituci\u00f3n en su informe en conmemoraci\u00f3n al D\u00eda del Ni\u00f1o, que se celebra este d\u00eda.<\/p>\n\n\n\n<p>Con relaci\u00f3n a la poblaci\u00f3n infantil ind\u00edgena, el Inegi inform\u00f3 que en M\u00e9xico existe un aproximado de 3.8 millones de ni\u00f1as y ni\u00f1os entre los tres y 11 a\u00f1os de edad que se autoidentifican con esa poblaci\u00f3n. <\/p>\n\n\n\n<p>Oaxaca es el estado que report\u00f3 el mayor n\u00famero, con 476 mil infantes, que corresponde a un 12.5 por ciento del total, seguido por Chiapas con 469 mil , personas identificadas con dicho grupo poblacional, que representa un 12.3 por ciento.<\/p>\n\n\n\n<p>Por otra parte, del total nacional, 427 mil ni\u00f1as y ni\u00f1os se autoidentificaron como poblaci\u00f3n afromexicana o afrodescendiente, del que un 43 por ciento, unos 182 mil infantes, se concentran en los estados de Guerrero, Estado de M\u00e9xico, Oaxaca y Veracruz.<\/p>\n\n\n\n<p>En ese sentido, la entidad oaxaque\u00f1a re\u00fane el nueve por ciento de esa poblacional infantil, con unos 41 mil ni\u00f1as y ni\u00f1os afrodescendientes; mientras que<br>Guerrero cuenta con el 15 por ciento; Estado de M\u00e9xico, tiene al 10 por ciento y en Veracruz se ubica al 8 por ciento.<\/p>\n\n\n\n<p>El DATO<\/p>\n\n\n\n<p>En M\u00e9xico, el D\u00eda del Ni\u00f1o fue reconocido en mayo de 1916, en Tenayuca, Veracruz, pero fue hasta el 30 de abril de 1924 que se oficializ\u00f3 su celebraci\u00f3n en el pa\u00eds.<\/p>\n\n\n\n<p>De los 25.2 millones de personas de 0 a 11 a\u00f1os, 12.4 millones son ni\u00f1as, es decir un 49.3 por ciento y 12.8 millones son ni\u00f1os, lo que representa un 50.7 por ciento.<\/p>\n\n\n\n<p>La Ley General de los Derechos de las Ni\u00f1as, Ni\u00f1os y Adolescentes define a las ni\u00f1as y ni\u00f1os a las personas que tienen menos de 12 a\u00f1os de edad.<\/p>\n","protected":false},"excerpt":{"rendered":"<p>Yuridiana Sosa\/Zona Roja. Oaxaca de Ju\u00e1rez, Oax., 30 de abril de 2022.- Oaxaca cuenta con&hellip;<\/p>\n","protected":false},"author":2,"featured_media":40620,"comment_status":"closed","ping_status":"open","sticky":false,"template":"","format":"standard","meta":{"_lmt_disableupdate":"","_lmt_disable":"","_jetpack_memberships_contains_paid_content":false,"footnotes":""},"categories":[109,46],"tags":[],"class_list":["post-40621","post","type-post","status-publish","format-standard","has-post-thumbnail","hentry","category-minuto-a-minuto","category-zona-blanca"],"jetpack_featured_media_url":"https:\/\/zonaroja.com.mx\/wp-content\/uploads\/2022\/04\/img_5766.jpg","jetpack_sharing_enabled":true,"_links":{"self":[{"href":"https:\/\/zonaroja.com.mx\/index.php?rest_route=\/wp\/v2\/posts\/40621","targetHints":{"allow":["GET"]}}],"collection":[{"href":"https:\/\/zonaroja.com.mx\/index.php?rest_route=\/wp\/v2\/posts"}],"about":[{"href":"https:\/\/zonaroja.com.mx\/index.php?rest_route=\/wp\/v2\/types\/post"}],"author":[{"embeddable":true,"href":"https:\/\/zonaroja.com.mx\/index.php?rest_route=\/wp\/v2\/users\/2"}],"replies":[{"embeddable":true,"href":"https:\/\/zonaroja.com.mx\/index.php?rest_route=%2Fwp%2Fv2%2Fcomments&post=40621"}],"version-history":[{"count":1,"href":"https:\/\/zonaroja.com.mx\/index.php?rest_route=\/wp\/v2\/posts\/40621\/revisions"}],"predecessor-version":[{"id":40622,"href":"https:\/\/zonaroja.com.mx\/index.php?rest_route=\/wp\/v2\/posts\/40621\/revisions\/40622"}],"wp:featuredmedia":[{"embeddable":true,"href":"https:\/\/zonaroja.com.mx\/index.php?rest_route=\/wp\/v2\/media\/40620"}],"wp:attachment":[{"href":"https:\/\/zonaroja.com.mx\/index.php?rest_route=%2Fwp%2Fv2%2Fmedia&parent=40621"}],"wp:term":[{"taxonomy":"category","embeddable":true,"href":"https:\/\/zonaroja.com.mx\/index.php?rest_route=%2Fwp%2Fv2%2Fcategories&post=40621"},{"taxonomy":"post_tag","embeddable":true,"href":"https:\/\/zonaroja.com.mx\/index.php?rest_route=%2Fwp%2Fv2%2Ftags&post=40621"}],"curies":[{"name":"wp","href":"https:\/\/api.w.org\/{rel}","templated":true}]}}