{"id":40623,"date":"2022-04-30T19:38:50","date_gmt":"2022-05-01T00:38:50","guid":{"rendered":"http:\/\/www.zonaroja.com.mx\/?p=40623"},"modified":"2022-04-30T19:38:52","modified_gmt":"2022-05-01T00:38:52","slug":"administracion-de-justicia-sorda-ante-denuncias-por-deudores-alimentarios","status":"publish","type":"post","link":"https:\/\/zonaroja.com.mx\/?p=40623","title":{"rendered":"Administraci\u00f3n de justicia sorda, ante denuncias por deudores alimentarios"},"content":{"rendered":"\n<p>Yuridiana Sosa\/Zona Roja.<\/p>\n\n\n\n<p>Oaxaca de Ju\u00e1rez, Oax., 30 de abril de 2022.- Hace m\u00e1s de tres lustros, Rodolfo \u201cN\u201d le dijo que la amaba, pero no le confes\u00f3 que era casado. Tuvieron una linda hija, pero desde ese momento, el var\u00f3n se desentendi\u00f3.<\/p>\n\n\n\n<p>Hoy, la hija de ambos tiene 15 a\u00f1os de edad y la madre decidi\u00f3 romper el silencio: la adolescente de ambos termin\u00f3 el bachillerato pero quer\u00eda estudiar una carrera.<\/p>\n\n\n\n<p>\u201cLe dije a mi hija: lo siento, yo no puedo pagarte estudios profesionales, tenemos que buscar a tu padre\u201d, narra ella. Lo buscaron, pero Rodolfo \u201cN\u201d se neg\u00f3 y se niega a pagar pensi\u00f3n, mucho menos los estudios de su ni\u00f1a.\u00a0<\/p>\n\n\n\n<p>Ese caso es uno de los recientes colocados ayer en el \u201ctendedero\u201d de deudores alimentarios, que madres de familia e integrantes de colectivos de mujeres instalaron en v\u00edspera del D\u00eda del Ni\u00f1o.<\/p>\n\n\n\n<p>Ante las dilaciones en los juicios familiares y hasta penales a trav\u00e9s de los que las madres exigen a los padres cumplan con la manutenci\u00f3n de sus hijos, las mujeres han encontrado con esta actividad de denuncia y protesta la forma en la que pueden ser escuchados sus casos en Oaxaca.<\/p>\n\n\n\n<p>Lonas, cartulinas, hojas de papel, con las im\u00e1genes y datos de los padres deudores, as\u00ed como aspectos de las situaciones de abandono, fueron colgadas al rededor del kiosko de la plaza central de la capital.<\/p>\n\n\n\n<figure class=\"wp-block-embed is-type-rich is-provider-twitter wp-block-embed-twitter\"><div class=\"wp-block-embed__wrapper\">\n<div class=\"twitter-tweet\"><blockquote class=\"twitter-tweet\" data-lang=\"es\"><p lang=\"es\" dir=\"ltr\"><a href=\"https:\/\/twitter.com\/hashtag\/ENVIVO?src=hash&amp;ref_src=twsrc%5Etfw\">#ENVIVO<\/a><br>Oaxaca de Ju\u00e1rez, Oax., 29 de abril de 2022.- Colectivos colocan \u201ctendedero\u201d de deudores alimentarios en el z\u00f3calo de la capital oaxaque\u00f1a.<br>Siga aqu\u00ed la transmisi\u00f3n:<br>\ud83d\udc47<a href=\"https:\/\/t.co\/qelI1vxfcK\">https:\/\/t.co\/qelI1vxfcK<\/a> <a href=\"https:\/\/t.co\/iA1rgrPRWz\">pic.twitter.com\/iA1rgrPRWz<\/a><\/p>&mdash; Zona Roja Oaxaca (@ZonaRoja_Oaxaca) <a href=\"https:\/\/twitter.com\/ZonaRoja_Oaxaca\/status\/1520164887116361729?ref_src=twsrc%5Etfw\">29 de abril de 2022<\/a><\/blockquote><\/div>\n<\/div><\/figure>\n\n\n\n<p>Ciudadanos comunes, empresarios, hasta funcionarios universitarios y municipales, como fue el caso del presidente de San Pedro Tapanatepec, de la regi\u00f3n Istmo, Humberto L\u00f3pez Parrazales, fueron exhibidos en esta actividad.&nbsp;<\/p>\n\n\n\n<p>Son m\u00faltiples los casos, van desde hombres que abandonaron a las mujeres en estado de embarazo y que nunca se han hecho responsables, a otros que dejaron de ser responsables durante los primeros a\u00f1os de la infancia, omitiendo a toda cosa cumplir con su obligaci\u00f3n.<\/p>\n\n\n\n<p>La representante de las madres e hijos v\u00edctimas, Benet Guzm\u00e1n, asegur\u00f3 que en Oaxaca estas manifestaciones no han tenido ning\u00fan impacto, ni en las autoridades estatales ni legislativas para atender los proceso de denuncias existentes y para acelerar leyes o reformas que permitan garantizar a los infantes la manutenci\u00f3n de los padres.<\/p>\n\n\n\n<p>Sin embargo, seguir\u00e1n en su lucha, la cual ha llegado hasta otros municipios y entidades, como es en Ciudad de M\u00e9xico, donde han sido atendidas por los senadores Jos\u00e9 Narro y Olga S\u00e1nchez Cordero, a quienes pidieron apresurar la \u201cLey Sabina\u201d, a trav\u00e9s de la que se propone restringir derechos a los deudores alimentarios y conformar un padr\u00f3n nacional de los padres deudores.<\/p>\n\n\n\n<p>En M\u00e9xico existen al menos 34 millones de infancias abandonadas, coment\u00f3 la defensora.<\/p>\n","protected":false},"excerpt":{"rendered":"<p>Yuridiana Sosa\/Zona Roja. Oaxaca de Ju\u00e1rez, Oax., 30 de abril de 2022.- Hace m\u00e1s de&hellip;<\/p>\n","protected":false},"author":2,"featured_media":40603,"comment_status":"closed","ping_status":"open","sticky":false,"template":"","format":"standard","meta":{"_lmt_disableupdate":"","_lmt_disable":"","_jetpack_memberships_contains_paid_content":false,"footnotes":""},"categories":[109,47],"tags":[2831],"class_list":["post-40623","post","type-post","status-publish","format-standard","has-post-thumbnail","hentry","category-minuto-a-minuto","category-zona-gris","tag-tendedero-deudores-alimentarios"],"jetpack_featured_media_url":"https:\/\/zonaroja.com.mx\/wp-content\/uploads\/2022\/04\/Tendedero-deudores-alimentarios.jpg","jetpack_sharing_enabled":true,"_links":{"self":[{"href":"https:\/\/zonaroja.com.mx\/index.php?rest_route=\/wp\/v2\/posts\/40623","targetHints":{"allow":["GET"]}}],"collection":[{"href":"https:\/\/zonaroja.com.mx\/index.php?rest_route=\/wp\/v2\/posts"}],"about":[{"href":"https:\/\/zonaroja.com.mx\/index.php?rest_route=\/wp\/v2\/types\/post"}],"author":[{"embeddable":true,"href":"https:\/\/zonaroja.com.mx\/index.php?rest_route=\/wp\/v2\/users\/2"}],"replies":[{"embeddable":true,"href":"https:\/\/zonaroja.com.mx\/index.php?rest_route=%2Fwp%2Fv2%2Fcomments&post=40623"}],"version-history":[{"count":1,"href":"https:\/\/zonaroja.com.mx\/index.php?rest_route=\/wp\/v2\/posts\/40623\/revisions"}],"predecessor-version":[{"id":40624,"href":"https:\/\/zonaroja.com.mx\/index.php?rest_route=\/wp\/v2\/posts\/40623\/revisions\/40624"}],"wp:featuredmedia":[{"embeddable":true,"href":"https:\/\/zonaroja.com.mx\/index.php?rest_route=\/wp\/v2\/media\/40603"}],"wp:attachment":[{"href":"https:\/\/zonaroja.com.mx\/index.php?rest_route=%2Fwp%2Fv2%2Fmedia&parent=40623"}],"wp:term":[{"taxonomy":"category","embeddable":true,"href":"https:\/\/zonaroja.com.mx\/index.php?rest_route=%2Fwp%2Fv2%2Fcategories&post=40623"},{"taxonomy":"post_tag","embeddable":true,"href":"https:\/\/zonaroja.com.mx\/index.php?rest_route=%2Fwp%2Fv2%2Ftags&post=40623"}],"curies":[{"name":"wp","href":"https:\/\/api.w.org\/{rel}","templated":true}]}}