{"id":40625,"date":"2022-04-30T20:09:36","date_gmt":"2022-05-01T01:09:36","guid":{"rendered":"http:\/\/www.zonaroja.com.mx\/?p=40625"},"modified":"2022-04-30T20:09:45","modified_gmt":"2022-05-01T01:09:45","slug":"transformacion-no-se-consolidara-mientras-haya-violencia-vs-mujeres-jara","status":"publish","type":"post","link":"https:\/\/zonaroja.com.mx\/?p=40625","title":{"rendered":"Transformaci\u00f3n no se consolidar\u00e1 mientras haya violencia vs mujeres: Jara"},"content":{"rendered":"\n<p>Redacci\u00f3n\/Zona Roja.<\/p>\n\n\n\n<p>Oaxaca de Ju\u00e1rez, Oax., 30 de abril de 2022.- \u201cNo podremos consolidar la transformaci\u00f3n de nuestro estado mientras haya una sola ni\u00f1a, adolescente o mujer desaparecida, mientras haya feminicidas libres, un violador sin castigo o un deudor alimentario oculto, mi compromiso es detener la violencia contra las ni\u00f1as y las mujeres\u201d, afirm\u00f3 Salom\u00f3n Jara Cruz, aspirante a la gubernatura del estado por la Coalici\u00f3n \u201cJuntos Hacemos Historia\u201d en Oaxaca.<\/p>\n\n\n\n<p>Frente a las y los pobladores de Santiago Llano Grande, se\u00f1al\u00f3 que el estado de bienestar que aspira a construir en Oaxaca es un Estado de derecho y el acceso a una vida libre de violencia para las ni\u00f1as, adolescentes y mujeres.<\/p>\n\n\n\n<p>\u201cSi el actual gobierno priista ser\u00e1 recordado por solapar la violencia hacia ni\u00f1as y mujeres, el gobierno del cambio verdadero lo ser\u00e1 por cortar de tajo el pacto de impunidad machista que han gozado los agresores de ni\u00f1as y mujeres\u201d, asegur\u00f3.&nbsp;<\/p>\n\n\n\n<p>Destac\u00f3 que el primer paso ser\u00e1 recuperar la confianza en las instituciones para que se denuncien todos los tipos de violencia y, para ello, se capacitar\u00e1 en materia de derechos humanos y perspectiva de g\u00e9nero a todas y todos los servidores p\u00fablicos.<\/p>\n\n\n\n<p>\u201cSi nos proponemos que ni\u00f1as y mujeres se sientan seguras a toda hora y en todo momento, debemos garantizarles que los agresores ser\u00e1n presentados ante un juez y sancionados acorde a la ley\u201d, a\u00f1adi\u00f3 Jara Cruz.<\/p>\n\n\n\n<figure class=\"wp-block-embed is-type-rich is-provider-twitter wp-block-embed-twitter\"><div class=\"wp-block-embed__wrapper\">\n<div class=\"twitter-tweet\"><blockquote class=\"twitter-tweet\" data-lang=\"es\"><p lang=\"es\" dir=\"ltr\"><a href=\"https:\/\/twitter.com\/hashtag\/EleccionesOaxaca2022?src=hash&amp;ref_src=twsrc%5Etfw\">#EleccionesOaxaca2022<\/a> <br>Por la Costa chica de <a href=\"https:\/\/twitter.com\/hashtag\/Oaxaca?src=hash&amp;ref_src=twsrc%5Etfw\">#Oaxaca<\/a> fue la gira ayer de <a href=\"https:\/\/twitter.com\/salomonj?ref_src=twsrc%5Etfw\">@salomonj<\/a>, donde resaltaron su origen ind\u00edgena, de San Melchor Betaza, y le reiteraron su voto a favor de la Cuarta Transformaci\u00f3n. <a href=\"https:\/\/t.co\/mz6DaVaSTL\">pic.twitter.com\/mz6DaVaSTL<\/a><\/p>&mdash; Zona Roja Oaxaca (@ZonaRoja_Oaxaca) <a href=\"https:\/\/twitter.com\/ZonaRoja_Oaxaca\/status\/1520422945872650241?ref_src=twsrc%5Etfw\">30 de abril de 2022<\/a><\/blockquote><\/div>\n<\/div><\/figure>\n\n\n\n<p>En ese sentido, abund\u00f3, coadyuvaremos con la Fiscal\u00eda del Estado para capacitar a ministerios p\u00fablicos y agentes estatales de investigaci\u00f3n, y para eficientar los trabajos de investigaci\u00f3n y periciales.<\/p>\n\n\n\n<p>\u201cSer\u00e1 muy importante la colaboraci\u00f3n con las autoridades federales y municipales, pues se requiere de una estrategia integral y la participaci\u00f3n de los tres \u00f3rdenes de gobierno, para enfrentar una problem\u00e1tica con profundas ra\u00edces en el machismo y el androcentrismo\u201d, apunt\u00f3.<\/p>\n\n\n\n<p>Adem\u00e1s, continu\u00f3, entre otras acciones, promoveremos la creaci\u00f3n de instancias que proporcionen atenci\u00f3n especializada para las mujeres v\u00edctimas de violencia y para sus hijas e hijos.<\/p>\n\n\n\n<p>\u201cTambi\u00e9n estableceremos la l\u00ednea violeta de atenci\u00f3n inmediata y especializada para mujeres v\u00edctimas de violencia con n\u00famero telef\u00f3nico de emergencia gratuito\u201d, a\u00f1adi\u00f3.&nbsp;<\/p>\n\n\n\n<p>\u201cTransformaremos a Oaxaca en un estado seguro para ni\u00f1as, adolescentes y mujeres, coloc\u00e1ndonos a la vanguardia en el dise\u00f1o e implementaci\u00f3n de pol\u00edticas p\u00fablicas que promuevan su empoderamiento y autonom\u00eda; con ellas todo, sin ellas nada\u201d, finaliz\u00f3 el candidato de la Coalici\u00f3n \u201cJuntos Hacemos Historia\u201d, Salom\u00f3n Jara Cruz.<\/p>\n","protected":false},"excerpt":{"rendered":"<p>Redacci\u00f3n\/Zona Roja. Oaxaca de Ju\u00e1rez, Oax., 30 de abril de 2022.- \u201cNo podremos consolidar la&hellip;<\/p>\n","protected":false},"author":2,"featured_media":40626,"comment_status":"closed","ping_status":"open","sticky":false,"template":"","format":"standard","meta":{"_lmt_disableupdate":"","_lmt_disable":"","_jetpack_memberships_contains_paid_content":false,"footnotes":""},"categories":[109,46],"tags":[2879,939],"class_list":["post-40625","post","type-post","status-publish","format-standard","has-post-thumbnail","hentry","category-minuto-a-minuto","category-zona-blanca","tag-elecciones-oaxaca-2022","tag-salomon-jara-cruz"],"jetpack_featured_media_url":"https:\/\/zonaroja.com.mx\/wp-content\/uploads\/2022\/04\/Salomon-Jara-Costa-chic.jpg","jetpack_sharing_enabled":true,"_links":{"self":[{"href":"https:\/\/zonaroja.com.mx\/index.php?rest_route=\/wp\/v2\/posts\/40625","targetHints":{"allow":["GET"]}}],"collection":[{"href":"https:\/\/zonaroja.com.mx\/index.php?rest_route=\/wp\/v2\/posts"}],"about":[{"href":"https:\/\/zonaroja.com.mx\/index.php?rest_route=\/wp\/v2\/types\/post"}],"author":[{"embeddable":true,"href":"https:\/\/zonaroja.com.mx\/index.php?rest_route=\/wp\/v2\/users\/2"}],"replies":[{"embeddable":true,"href":"https:\/\/zonaroja.com.mx\/index.php?rest_route=%2Fwp%2Fv2%2Fcomments&post=40625"}],"version-history":[{"count":2,"href":"https:\/\/zonaroja.com.mx\/index.php?rest_route=\/wp\/v2\/posts\/40625\/revisions"}],"predecessor-version":[{"id":40628,"href":"https:\/\/zonaroja.com.mx\/index.php?rest_route=\/wp\/v2\/posts\/40625\/revisions\/40628"}],"wp:featuredmedia":[{"embeddable":true,"href":"https:\/\/zonaroja.com.mx\/index.php?rest_route=\/wp\/v2\/media\/40626"}],"wp:attachment":[{"href":"https:\/\/zonaroja.com.mx\/index.php?rest_route=%2Fwp%2Fv2%2Fmedia&parent=40625"}],"wp:term":[{"taxonomy":"category","embeddable":true,"href":"https:\/\/zonaroja.com.mx\/index.php?rest_route=%2Fwp%2Fv2%2Fcategories&post=40625"},{"taxonomy":"post_tag","embeddable":true,"href":"https:\/\/zonaroja.com.mx\/index.php?rest_route=%2Fwp%2Fv2%2Ftags&post=40625"}],"curies":[{"name":"wp","href":"https:\/\/api.w.org\/{rel}","templated":true}]}}