{"id":40629,"date":"2022-04-30T21:47:06","date_gmt":"2022-05-01T02:47:06","guid":{"rendered":"http:\/\/www.zonaroja.com.mx\/?p=40629"},"modified":"2022-04-30T21:47:08","modified_gmt":"2022-05-01T02:47:08","slug":"identifican-a-taxista-asesinado-en-huajuapan-oaxaca","status":"publish","type":"post","link":"https:\/\/zonaroja.com.mx\/?p=40629","title":{"rendered":"Identifican a taxista asesinado en Huajuapan, Oaxaca"},"content":{"rendered":"\n<p>Redacci\u00f3n\/Zona Roja.<\/p>\n\n\n\n<p>Oaxaca de Ju\u00e1rez, Oax., 30 de abril de 2022.- Como Guillermo Medina Carrizosa, de aproximadamente 45 a\u00f1os de edad, fue identificado el taxista asesinado hoy en la madrugada en Huajuapan de Le\u00f3n.<\/p>\n\n\n\n<p>El crimen se perpetr\u00f3 en la calle Tepeyac de la agencia de Santa Maria Xochixtlapilco, de ese municipio de la regi\u00f3n Mixteca de Oaxaca.<\/p>\n\n\n\n<p>Presuntamente tras acudir a un servicio con su unidad de servicio p\u00fablico con n\u00famero econ\u00f3mico 064, el hombre fue agredido de manera directa por un sujeto, que de inmediato se dio a la fuga.<\/p>\n\n\n\n<p>Param\u00e9dicos de una asociaci\u00f3n civil arribaron al sitio para brindarle los primeros auxilios, pero corroboraron que ya no ten\u00eda signos vitales; presentaba una herida en el cuello, que le caus\u00f3 la muerte.<\/p>\n\n\n\n<p>Personal de la Vicefiscal\u00eda Regional de la Mixteca inici\u00f3 con las indagatorias en los primeras horas de este s\u00e1bado; hasta el momento no hay personas detenidas.<\/p>\n","protected":false},"excerpt":{"rendered":"<p>Redacci\u00f3n\/Zona Roja. Oaxaca de Ju\u00e1rez, Oax., 30 de abril de 2022.- Como Guillermo Medina Carrizosa,&hellip;<\/p>\n","protected":false},"author":2,"featured_media":40630,"comment_status":"closed","ping_status":"open","sticky":false,"template":"","format":"standard","meta":{"_lmt_disableupdate":"","_lmt_disable":"","_jetpack_memberships_contains_paid_content":false,"footnotes":""},"categories":[109,51],"tags":[594],"class_list":["post-40629","post","type-post","status-publish","format-standard","has-post-thumbnail","hentry","category-minuto-a-minuto","category-zona-roja","tag-huajuapan-de-leon"],"jetpack_featured_media_url":"https:\/\/zonaroja.com.mx\/wp-content\/uploads\/2022\/04\/Taxista-asesinado-Huajuapan.jpg","jetpack_sharing_enabled":true,"_links":{"self":[{"href":"https:\/\/zonaroja.com.mx\/index.php?rest_route=\/wp\/v2\/posts\/40629","targetHints":{"allow":["GET"]}}],"collection":[{"href":"https:\/\/zonaroja.com.mx\/index.php?rest_route=\/wp\/v2\/posts"}],"about":[{"href":"https:\/\/zonaroja.com.mx\/index.php?rest_route=\/wp\/v2\/types\/post"}],"author":[{"embeddable":true,"href":"https:\/\/zonaroja.com.mx\/index.php?rest_route=\/wp\/v2\/users\/2"}],"replies":[{"embeddable":true,"href":"https:\/\/zonaroja.com.mx\/index.php?rest_route=%2Fwp%2Fv2%2Fcomments&post=40629"}],"version-history":[{"count":1,"href":"https:\/\/zonaroja.com.mx\/index.php?rest_route=\/wp\/v2\/posts\/40629\/revisions"}],"predecessor-version":[{"id":40631,"href":"https:\/\/zonaroja.com.mx\/index.php?rest_route=\/wp\/v2\/posts\/40629\/revisions\/40631"}],"wp:featuredmedia":[{"embeddable":true,"href":"https:\/\/zonaroja.com.mx\/index.php?rest_route=\/wp\/v2\/media\/40630"}],"wp:attachment":[{"href":"https:\/\/zonaroja.com.mx\/index.php?rest_route=%2Fwp%2Fv2%2Fmedia&parent=40629"}],"wp:term":[{"taxonomy":"category","embeddable":true,"href":"https:\/\/zonaroja.com.mx\/index.php?rest_route=%2Fwp%2Fv2%2Fcategories&post=40629"},{"taxonomy":"post_tag","embeddable":true,"href":"https:\/\/zonaroja.com.mx\/index.php?rest_route=%2Fwp%2Fv2%2Ftags&post=40629"}],"curies":[{"name":"wp","href":"https:\/\/api.w.org\/{rel}","templated":true}]}}