{"id":40632,"date":"2022-05-01T07:54:00","date_gmt":"2022-05-01T12:54:00","guid":{"rendered":"http:\/\/www.zonaroja.com.mx\/?p=40632"},"modified":"2022-04-30T21:55:39","modified_gmt":"2022-05-01T02:55:39","slug":"preven-culminar-la-supercarretera-oaxaca-costa-antes-que-finalice-el-ano","status":"publish","type":"post","link":"https:\/\/zonaroja.com.mx\/?p=40632","title":{"rendered":"Prev\u00e9n culminar la supercarretera Oaxaca-Costa antes que finalice el a\u00f1o"},"content":{"rendered":"\n<p>Redacci\u00f3n\/Zona Roja.<\/p>\n\n\n\n<p>Oaxaca de Ju\u00e1rez, Oax., 1 de mayo de 2022.- La construcci\u00f3n del tramo carretero Barranca Larga-Ventanilla de la supercarretera Oaxaca-Costa registra un avance general de 79.92%.<\/p>\n\n\n\n<p>As\u00ed lo dio a conocer el gobernador Alejandro Murat Hinojosa y el subsecretario de Infraestructura de la Secretar\u00eda de Infraestructura, Comunicaciones y Transportes, Jorge Nu\u00f1o Lara, durante una gira de trabajo efectuada ayer por la zona.<\/p>\n\n\n\n<p>El mandatario estatal y el funcionario federal constataron los trabajos que se realizan en esta importante arteria vial que conectar\u00e1 a la ciudad capital con la regi\u00f3n coste\u00f1a, con el compromiso de poner en operaci\u00f3n este tramo a finales del segundo semestre de este a\u00f1o.<\/p>\n\n\n\n<p>Murat Hinjosa expres\u00f3 que se est\u00e1 dando puntual seguimiento a los trabajos de esta supercarretera, a fin de concluirla en tiempo y forma, y con ello permitir que el tiempo de traslado a la regi\u00f3n de la Costa donde se encuentran los destinos de playa Huatulco y Puerto Escondido, sea de cuatro a dos horas.<\/p>\n\n\n\n<p>En este sentido, tambi\u00e9n asever\u00f3 que se atienden los proyectos ejecutivos, y los temas de construcci\u00f3n, sociales y ambientales, que se tienen con las comunidades beneficiadas, a fin de concretar esta importante obra de infraestructura que ser\u00e1 una palanca de desarrollo para la entidad.<\/p>\n\n\n\n<figure class=\"wp-block-embed is-type-rich is-provider-twitter wp-block-embed-twitter\"><div class=\"wp-block-embed__wrapper\">\n<div class=\"twitter-tweet\"><blockquote class=\"twitter-tweet\" data-lang=\"es\"><p lang=\"es\" dir=\"ltr\">Las obras de la supercarretera Oaxaca-Costa registran un avance de casi el 80%. <br>Prev\u00e9n concluirse antes de que finalice el a\u00f1o.<br>Fue supervisada hoy por autoridades federales y estatales, encabezadas por el gobernador <a href=\"https:\/\/twitter.com\/alejandromurat?ref_src=twsrc%5Etfw\">@alejandromurat<\/a>. <a href=\"https:\/\/t.co\/ydyCjBxNVg\">pic.twitter.com\/ydyCjBxNVg<\/a><\/p>&mdash; Zona Roja Oaxaca (@ZonaRoja_Oaxaca) <a href=\"https:\/\/twitter.com\/ZonaRoja_Oaxaca\/status\/1520569391510953986?ref_src=twsrc%5Etfw\">1 de mayo de 2022<\/a><\/blockquote><\/div>\n<\/div><\/figure>\n","protected":false},"excerpt":{"rendered":"<p>Redacci\u00f3n\/Zona Roja. Oaxaca de Ju\u00e1rez, Oax., 1 de mayo de 2022.- La construcci\u00f3n del tramo&hellip;<\/p>\n","protected":false},"author":2,"featured_media":40633,"comment_status":"closed","ping_status":"open","sticky":false,"template":"","format":"standard","meta":{"_lmt_disableupdate":"","_lmt_disable":"","_jetpack_memberships_contains_paid_content":false,"footnotes":""},"categories":[109,46],"tags":[173],"class_list":["post-40632","post","type-post","status-publish","format-standard","has-post-thumbnail","hentry","category-minuto-a-minuto","category-zona-blanca","tag-alejandro-murat-hinojosa"],"jetpack_featured_media_url":"https:\/\/zonaroja.com.mx\/wp-content\/uploads\/2022\/04\/Supercarretera-a-la-Costa-obra.jpg","jetpack_sharing_enabled":true,"_links":{"self":[{"href":"https:\/\/zonaroja.com.mx\/index.php?rest_route=\/wp\/v2\/posts\/40632","targetHints":{"allow":["GET"]}}],"collection":[{"href":"https:\/\/zonaroja.com.mx\/index.php?rest_route=\/wp\/v2\/posts"}],"about":[{"href":"https:\/\/zonaroja.com.mx\/index.php?rest_route=\/wp\/v2\/types\/post"}],"author":[{"embeddable":true,"href":"https:\/\/zonaroja.com.mx\/index.php?rest_route=\/wp\/v2\/users\/2"}],"replies":[{"embeddable":true,"href":"https:\/\/zonaroja.com.mx\/index.php?rest_route=%2Fwp%2Fv2%2Fcomments&post=40632"}],"version-history":[{"count":1,"href":"https:\/\/zonaroja.com.mx\/index.php?rest_route=\/wp\/v2\/posts\/40632\/revisions"}],"predecessor-version":[{"id":40634,"href":"https:\/\/zonaroja.com.mx\/index.php?rest_route=\/wp\/v2\/posts\/40632\/revisions\/40634"}],"wp:featuredmedia":[{"embeddable":true,"href":"https:\/\/zonaroja.com.mx\/index.php?rest_route=\/wp\/v2\/media\/40633"}],"wp:attachment":[{"href":"https:\/\/zonaroja.com.mx\/index.php?rest_route=%2Fwp%2Fv2%2Fmedia&parent=40632"}],"wp:term":[{"taxonomy":"category","embeddable":true,"href":"https:\/\/zonaroja.com.mx\/index.php?rest_route=%2Fwp%2Fv2%2Fcategories&post=40632"},{"taxonomy":"post_tag","embeddable":true,"href":"https:\/\/zonaroja.com.mx\/index.php?rest_route=%2Fwp%2Fv2%2Ftags&post=40632"}],"curies":[{"name":"wp","href":"https:\/\/api.w.org\/{rel}","templated":true}]}}