{"id":40640,"date":"2022-05-01T07:13:00","date_gmt":"2022-05-01T12:13:00","guid":{"rendered":"http:\/\/www.zonaroja.com.mx\/?p=40640"},"modified":"2022-04-30T22:17:41","modified_gmt":"2022-05-01T03:17:41","slug":"concentra-oaxaca-el-2-del-personal-ocupado-de-mexico","status":"publish","type":"post","link":"https:\/\/zonaroja.com.mx\/?p=40640","title":{"rendered":"Concentra Oaxaca el 2% del personal ocupado de M\u00e9xico"},"content":{"rendered":"\n<p>Yuridiana Sosa\/Zona Roja.<\/p>\n\n\n\n<p>Oaxaca de Ju\u00e1rez, Oax., 1 de mayo de 2022.- El Instituto Nacional de Estad\u00edstica y Geograf\u00eda (Inegi) ofreci\u00f3 datos sobre la ocupaci\u00f3n laboral en M\u00e9xico, a prop\u00f3sito del D\u00eda del Trabajo que se conmemora este 1 de mayo, en los que Oaxaca resalt\u00f3 en el lugar 20 a nivel nacional por el n\u00famero de personal ocupado en nuestro pa\u00eds.<\/p>\n\n\n\n<p>De acuerdo con la distribuci\u00f3n geogr\u00e1fica, en Oaxaca se ubican el dos por ciento de las personas ocupadas en M\u00e9xico, mismo porcentaje que fue registrado en San Luis Potos\u00ed y en Chiapas.<\/p>\n\n\n\n<p>Dicha cifra coloca a nuestra entidad por encima de estados como Yucat\u00e1n, Quintana Roo y Guerrero, quienes arrojaron porcentajes del 1.9, 1.8 y 1.6, respectivamente.<\/p>\n\n\n\n<p>En tanto, cinco entidades concentraron el 44.2 por ciento del total del personal ocupado. Se trata de la Ciudad de M\u00e9xico con el 15.8 por ciento; Estado de M\u00e9xico, 9.3 por ciento; Jalisco, 7.4 por ciento; Nuevo Le\u00f3n, 6.6 por ciento y Guanajuato con el 5.1 por ciento.<\/p>\n\n\n\n<p>PANORAMA NACIONAL<\/p>\n\n\n\n<p>Al cuarto trimestre de 2021 la poblaci\u00f3n ocupada en M\u00e9xico fue de 56.6 millones, que representa el 96.3 por ciento de la Poblaci\u00f3n Econ\u00f3micamente Activa, mientras que la tasa desocupaci\u00f3n fue de 3.7 por ciento, es decir, 2.2 millones de personas.<\/p>\n\n\n\n<p>El an\u00e1lisis arroj\u00f3 que el 37.2 por ciento del personal trabaj\u00f3 en micronegocios; 14.8 por ciento en unidades econ\u00f3micas peque\u00f1as; el 16 por ciento empresas medianas y 32.1 por ciento en grandes establecimientos.<\/p>\n\n\n\n<p>EN LA INFORMALIDAD<\/p>\n\n\n\n<p>En otro estudio, el Inegi inform\u00f3 que en Oaxaca la mayor\u00eda de las personas se ocupan en la informalidad.<\/p>\n\n\n\n<p>La Encuesta Nacional de Ocupaci\u00f3n y Empleo, Nueva Edici\u00f3n, en su versi\u00f3n trimestral, dio a conocer que el cuarto trimestre del 2021 la tasa de ocupaci\u00f3n de las Personas Econ\u00f3micamente Activa fue mayor en Guerrero 98.6 por ciento; Oaxaca, 98.5 por ciento y Baja California en un 98 por ciento.<\/p>\n\n\n\n<p>Pero a su vez, en Oaxaca la informalidad laboral es la m\u00e1s alta con el 81.8 por ciento; seguido de Guerrero, con un 78.8 por ciento y en Chiapas con el 73.4 por ciento.<\/p>\n","protected":false},"excerpt":{"rendered":"<p>Yuridiana Sosa\/Zona Roja. Oaxaca de Ju\u00e1rez, Oax., 1 de mayo de 2022.- El Instituto Nacional&hellip;<\/p>\n","protected":false},"author":2,"featured_media":40641,"comment_status":"closed","ping_status":"open","sticky":false,"template":"","format":"standard","meta":{"_lmt_disableupdate":"","_lmt_disable":"","_jetpack_memberships_contains_paid_content":false,"footnotes":""},"categories":[109,46],"tags":[],"class_list":["post-40640","post","type-post","status-publish","format-standard","has-post-thumbnail","hentry","category-minuto-a-minuto","category-zona-blanca"],"jetpack_featured_media_url":"https:\/\/zonaroja.com.mx\/wp-content\/uploads\/2022\/04\/1-de-Mayo-Dia-del-Trabajo.jpg","jetpack_sharing_enabled":true,"_links":{"self":[{"href":"https:\/\/zonaroja.com.mx\/index.php?rest_route=\/wp\/v2\/posts\/40640","targetHints":{"allow":["GET"]}}],"collection":[{"href":"https:\/\/zonaroja.com.mx\/index.php?rest_route=\/wp\/v2\/posts"}],"about":[{"href":"https:\/\/zonaroja.com.mx\/index.php?rest_route=\/wp\/v2\/types\/post"}],"author":[{"embeddable":true,"href":"https:\/\/zonaroja.com.mx\/index.php?rest_route=\/wp\/v2\/users\/2"}],"replies":[{"embeddable":true,"href":"https:\/\/zonaroja.com.mx\/index.php?rest_route=%2Fwp%2Fv2%2Fcomments&post=40640"}],"version-history":[{"count":1,"href":"https:\/\/zonaroja.com.mx\/index.php?rest_route=\/wp\/v2\/posts\/40640\/revisions"}],"predecessor-version":[{"id":40642,"href":"https:\/\/zonaroja.com.mx\/index.php?rest_route=\/wp\/v2\/posts\/40640\/revisions\/40642"}],"wp:featuredmedia":[{"embeddable":true,"href":"https:\/\/zonaroja.com.mx\/index.php?rest_route=\/wp\/v2\/media\/40641"}],"wp:attachment":[{"href":"https:\/\/zonaroja.com.mx\/index.php?rest_route=%2Fwp%2Fv2%2Fmedia&parent=40640"}],"wp:term":[{"taxonomy":"category","embeddable":true,"href":"https:\/\/zonaroja.com.mx\/index.php?rest_route=%2Fwp%2Fv2%2Fcategories&post=40640"},{"taxonomy":"post_tag","embeddable":true,"href":"https:\/\/zonaroja.com.mx\/index.php?rest_route=%2Fwp%2Fv2%2Ftags&post=40640"}],"curies":[{"name":"wp","href":"https:\/\/api.w.org\/{rel}","templated":true}]}}