{"id":40646,"date":"2022-05-01T06:38:33","date_gmt":"2022-05-01T11:38:33","guid":{"rendered":"http:\/\/www.zonaroja.com.mx\/?p=40646"},"modified":"2022-05-01T06:38:35","modified_gmt":"2022-05-01T11:38:35","slug":"perdonan-a-guardia-nacional-que-mato-a-estudiante-y-lo-liberan","status":"publish","type":"post","link":"https:\/\/zonaroja.com.mx\/?p=40646","title":{"rendered":"\u201cPerdonan\u201d a Guardia Nacional que mat\u00f3 a estudiante y lo liberan"},"content":{"rendered":"\n<p>Redacci\u00f3n\/Zona Roja Cdmx.<\/p>\n\n\n\n<p>Ciudad de M\u00e9xico, 1 de mayo de 2022.- El elemento de la Guardia Nacional acusado de asesinar&nbsp;al estudiante de 19 a\u00f1os de edad, de la Universidad de Guanajuato, fue liberado.<\/p>\n\n\n\n<p>El Rector General de la Universidad de Guanajuato, Luis Felipe Guerrero Agripino, difundi\u00f3&nbsp;a trav\u00e9s de un comunicado de prensa que la M\u00e1xima Casa de Estudios del Estado lamenta la decisi\u00f3n del Juez de Control que dict\u00f3 auto de no vinculaci\u00f3n a proceso, con base en la informaci\u00f3n de la carpeta que conform\u00f3 la Fiscal\u00eda General de la Rep\u00fablica (FGR)&nbsp;con datos de la Fiscal\u00eda General del Estado de Guanajuato.<\/p>\n\n\n\n<p>\u201cNos sorprende que la imputaci\u00f3n de la FGE haya sido por el delito de tentativa de homicidio, cuando fue privado de la vida uno de nuestros estudiantes, y otra estudiante fue gravemente lesionada\u201d, asever\u00f3 el Doctor en Derecho.<\/p>\n\n\n\n<p>Guerrero Agripino sostuvo que existen elementos para pensar que existan m\u00e1s elementos de la Guardia Nacional implicados en el asesinato del estudiante de Agronom\u00eda, ocurrido la tarde del pasado 27 de abril, en la comunidad rural de El Copal, en Irapuato, a metros de las puertas del Campus de Ciencias de la Vida de la UG, en donde las fuerzas federales dispararon contra los j\u00f3venes que iban a bordo de una camioneta&nbsp;saliendo de un convivio.<\/p>\n\n\n\n<p>\u201cObviamente, dicha imputaci\u00f3n no coincide con lo informado por la Guardia Nacional en su comunicado de prensa 055\/Nacional. Como hemos insistido, hay indicios para presumir que el hecho tiene varias implicaciones, y que es factible que haya m\u00e1s elementos (de la Guardia Nacional)&nbsp;involucrados en lo ocurrido\u201d.<\/p>\n\n\n\n<p>El Rector de la UG exigi\u00f3 justicia para \u00c1ngel Yael Rangel, quien muri\u00f3 a manos de las Fuerzas Federales, as\u00ed como para Alejandra Carrillo, a quien le fue destrozado un hombro.<\/p>\n\n\n\n<p>Luis Felipe Guerrero Agripino insisti\u00f3 en que el Gobierno Federal debe ya&nbsp;desmilitarizar el pa\u00eds, toda vez que se confunde la seguridad p\u00fablica con la seguridad nacional, y este es el resultado de colocar soldados a procurar la seguridad de los ciudadanos.<\/p>\n\n\n\n<p>(Informaci\u00f3n de \u201cExc\u00e9lsior\u201d)<\/p>\n","protected":false},"excerpt":{"rendered":"<p>Redacci\u00f3n\/Zona Roja Cdmx. Ciudad de M\u00e9xico, 1 de mayo de 2022.- El elemento de la&hellip;<\/p>\n","protected":false},"author":2,"featured_media":40647,"comment_status":"closed","ping_status":"open","sticky":false,"template":"","format":"standard","meta":{"_lmt_disableupdate":"","_lmt_disable":"","_jetpack_memberships_contains_paid_content":false,"footnotes":""},"categories":[109,47],"tags":[735],"class_list":["post-40646","post","type-post","status-publish","format-standard","has-post-thumbnail","hentry","category-minuto-a-minuto","category-zona-gris","tag-guanajuato"],"jetpack_featured_media_url":"https:\/\/zonaroja.com.mx\/wp-content\/uploads\/2022\/05\/Asesinado-Guanajuato-Guardia-Nacional.jpeg","jetpack_sharing_enabled":true,"_links":{"self":[{"href":"https:\/\/zonaroja.com.mx\/index.php?rest_route=\/wp\/v2\/posts\/40646","targetHints":{"allow":["GET"]}}],"collection":[{"href":"https:\/\/zonaroja.com.mx\/index.php?rest_route=\/wp\/v2\/posts"}],"about":[{"href":"https:\/\/zonaroja.com.mx\/index.php?rest_route=\/wp\/v2\/types\/post"}],"author":[{"embeddable":true,"href":"https:\/\/zonaroja.com.mx\/index.php?rest_route=\/wp\/v2\/users\/2"}],"replies":[{"embeddable":true,"href":"https:\/\/zonaroja.com.mx\/index.php?rest_route=%2Fwp%2Fv2%2Fcomments&post=40646"}],"version-history":[{"count":1,"href":"https:\/\/zonaroja.com.mx\/index.php?rest_route=\/wp\/v2\/posts\/40646\/revisions"}],"predecessor-version":[{"id":40648,"href":"https:\/\/zonaroja.com.mx\/index.php?rest_route=\/wp\/v2\/posts\/40646\/revisions\/40648"}],"wp:featuredmedia":[{"embeddable":true,"href":"https:\/\/zonaroja.com.mx\/index.php?rest_route=\/wp\/v2\/media\/40647"}],"wp:attachment":[{"href":"https:\/\/zonaroja.com.mx\/index.php?rest_route=%2Fwp%2Fv2%2Fmedia&parent=40646"}],"wp:term":[{"taxonomy":"category","embeddable":true,"href":"https:\/\/zonaroja.com.mx\/index.php?rest_route=%2Fwp%2Fv2%2Fcategories&post=40646"},{"taxonomy":"post_tag","embeddable":true,"href":"https:\/\/zonaroja.com.mx\/index.php?rest_route=%2Fwp%2Fv2%2Ftags&post=40646"}],"curies":[{"name":"wp","href":"https:\/\/api.w.org\/{rel}","templated":true}]}}