{"id":40649,"date":"2022-05-01T14:47:55","date_gmt":"2022-05-01T19:47:55","guid":{"rendered":"http:\/\/www.zonaroja.com.mx\/?p=40649"},"modified":"2022-05-01T14:47:56","modified_gmt":"2022-05-01T19:47:56","slug":"quinceaneras-el-mayor-numero-de-desaparecidas-en-oaxaca","status":"publish","type":"post","link":"https:\/\/zonaroja.com.mx\/?p=40649","title":{"rendered":"Quincea\u00f1eras, el mayor n\u00famero de desaparecidas en Oaxaca"},"content":{"rendered":"\n<p>Redacci\u00f3n\/Zona Roja.<\/p>\n\n\n\n<p>Oaxaca de Ju\u00e1rez, Oax., 1 de mayo de 2022.- En&nbsp;el estado de Oaxaca la&nbsp;edad promedio de las ni\u00f1as, adolescentes y mujeres v\u00edctimas de desaparici\u00f3n es de 20 a\u00f1os, mientras que la edad de las mujeres desaparecidas que con mayor frecuencia fue registrada es de 15 a\u00f1os.<\/p>\n\n\n\n<p>Desde el 1 de diciembre de 2016 hasta el&nbsp;25 de abril de 2022&nbsp;se tiene un registro de mil 709 casos de denuncias de ni\u00f1as, adolescentes y mujeres desaparecidas, con base en la informaci\u00f3n&nbsp;de&nbsp;la Plataforma de Violencia Feminicida de Consorcio para el Di\u00e1logo Parlamentario y la Equidad.<\/p>\n\n\n\n<p>Si bien en el 94 por ciento de los casos se cuenta con informaci\u00f3n sobre su edad, en el 6% de ellos &nbsp;se desconoce &nbsp;o no fue registrada esta informaci\u00f3n.&nbsp;<\/p>\n\n\n\n<p>El 57% de los casos corresponde a ni\u00f1as y adolescentes que se encuentran en un rango de&nbsp;entre 5 y 18 a\u00f1os. Un 25% de casos corresponde a mujeres adultas j\u00f3venes de entre 19 y 35 a\u00f1os. En conjunto, ambos rangos &nbsp;representan el 82% del total, es decir, mil 393 mujeres.&nbsp;<\/p>\n\n\n\n<p>De acuerdo con esta Plataforma,&nbsp;para el periodo&nbsp;mencionado -2016 a 2022-,&nbsp;hasta el momento se tiene el registro de &nbsp;74 ni\u00f1as menores de 5 a\u00f1os que se encuentran desparecidas, 973 cuyo rango de edad va de los 6 a los 18 a\u00f1os, as\u00ed como 420 mujeres desaparecidas de entre 19 y 35 a\u00f1os y &nbsp;92 mujeres &nbsp;de 36 a 50 a\u00f1os.&nbsp;<\/p>\n\n\n\n<p>Tambi\u00e9n se encuentran desparecidas &nbsp;31 mujeres cuyo rango de edad va de los 51 a los 70 a\u00f1os, 14 mayores de 70 a\u00f1os y 105 mujeres cuya edad no fue registrada o se desconoce.<\/p>\n","protected":false},"excerpt":{"rendered":"<p>Redacci\u00f3n\/Zona Roja. Oaxaca de Ju\u00e1rez, Oax., 1 de mayo de 2022.- En&nbsp;el estado de Oaxaca&hellip;<\/p>\n","protected":false},"author":2,"featured_media":40650,"comment_status":"closed","ping_status":"open","sticky":false,"template":"","format":"standard","meta":{"_lmt_disableupdate":"","_lmt_disable":"","_jetpack_memberships_contains_paid_content":false,"footnotes":""},"categories":[109,47],"tags":[455],"class_list":["post-40649","post","type-post","status-publish","format-standard","has-post-thumbnail","hentry","category-minuto-a-minuto","category-zona-gris","tag-mujeres-desaparecidas-oaxaca"],"jetpack_featured_media_url":"https:\/\/zonaroja.com.mx\/wp-content\/uploads\/2022\/05\/Justicia-seguridad-ninas-desaparecidas-.jpg","jetpack_sharing_enabled":true,"_links":{"self":[{"href":"https:\/\/zonaroja.com.mx\/index.php?rest_route=\/wp\/v2\/posts\/40649","targetHints":{"allow":["GET"]}}],"collection":[{"href":"https:\/\/zonaroja.com.mx\/index.php?rest_route=\/wp\/v2\/posts"}],"about":[{"href":"https:\/\/zonaroja.com.mx\/index.php?rest_route=\/wp\/v2\/types\/post"}],"author":[{"embeddable":true,"href":"https:\/\/zonaroja.com.mx\/index.php?rest_route=\/wp\/v2\/users\/2"}],"replies":[{"embeddable":true,"href":"https:\/\/zonaroja.com.mx\/index.php?rest_route=%2Fwp%2Fv2%2Fcomments&post=40649"}],"version-history":[{"count":1,"href":"https:\/\/zonaroja.com.mx\/index.php?rest_route=\/wp\/v2\/posts\/40649\/revisions"}],"predecessor-version":[{"id":40651,"href":"https:\/\/zonaroja.com.mx\/index.php?rest_route=\/wp\/v2\/posts\/40649\/revisions\/40651"}],"wp:featuredmedia":[{"embeddable":true,"href":"https:\/\/zonaroja.com.mx\/index.php?rest_route=\/wp\/v2\/media\/40650"}],"wp:attachment":[{"href":"https:\/\/zonaroja.com.mx\/index.php?rest_route=%2Fwp%2Fv2%2Fmedia&parent=40649"}],"wp:term":[{"taxonomy":"category","embeddable":true,"href":"https:\/\/zonaroja.com.mx\/index.php?rest_route=%2Fwp%2Fv2%2Fcategories&post=40649"},{"taxonomy":"post_tag","embeddable":true,"href":"https:\/\/zonaroja.com.mx\/index.php?rest_route=%2Fwp%2Fv2%2Ftags&post=40649"}],"curies":[{"name":"wp","href":"https:\/\/api.w.org\/{rel}","templated":true}]}}