{"id":40652,"date":"2022-05-01T15:09:58","date_gmt":"2022-05-01T20:09:58","guid":{"rendered":"http:\/\/www.zonaroja.com.mx\/?p=40652"},"modified":"2022-05-01T16:44:08","modified_gmt":"2022-05-01T21:44:08","slug":"realizan-en-la-cuenca-brigadas-de-prevencion-del-delito","status":"publish","type":"post","link":"https:\/\/zonaroja.com.mx\/?p=40652","title":{"rendered":"Realizan en la Cuenca brigadas de prevenci\u00f3n del delito"},"content":{"rendered":"\n<p>Redacci\u00f3n\/Zona Roja.<\/p>\n\n\n\n<p>Oaxaca de Ju\u00e1rez, Oax. 1 de mayo de 2022.- Con el objetivo de atender las necesidades de las familias en la Cuenca del Papaloapan en materia de seguridad y prevenci\u00f3n, la Secretar\u00eda de Seguridad P\u00fablica de Oaxaca (SSPO), a trav\u00e9s de la Direcci\u00f3n General de Prevenci\u00f3n del Delito y Participaci\u00f3n Ciudadana, llev\u00f3 a cabo la tercera Brigada de Prevenci\u00f3n del Delito.<\/p>\n\n\n\n<p>Del 28 al 30 de abril del presente, San Juan Bautista Tuxtepec fue sede de una serie de capacitaciones y sesiones informativas a escuelas, autoridades municipales, empresarios, vecinos de la regi\u00f3n, en temas como prevenci\u00f3n de la extorsi\u00f3n telef\u00f3nica, secuestro, violencia familiar, adicciones, conductas antisociales, abuso sexual infantil, riesgos en internet, entre otros. <\/p>\n\n\n\n<p>Dichas acciones se llevaron a cabo con la participaci\u00f3n de los municipios de Acatl\u00e1n de P\u00e9rez Figueroa, Cosolapa, San Juan Bautista Tuxtepec, San Juan Bautista Valle Nacional, San Felipe Usila, San Lucas Ojitl\u00e1n, San Jos\u00e9 Independencia, Santa Mar\u00eda Jacatepec y San Miguel Soyaltepec, a quienes tambi\u00e9n se les tom\u00f3 protesta y entregaron constancias de capacitaci\u00f3n para integrar su Unidad Municipal de Prevenci\u00f3n del Delito. <\/p>\n\n\n\n<p>Ante ello, la SSPO dio a conocer que estas actividades se enmarcan en la prevenci\u00f3n de conductas antisociales que pueda afectar la integridad y patrimonio de la ciudadan\u00eda; as\u00ed como, preservar el orden y la paz en la zona.<\/p>\n","protected":false},"excerpt":{"rendered":"<p>Redacci\u00f3n\/Zona Roja. Oaxaca de Ju\u00e1rez, Oax. 1 de mayo de 2022.- Con el objetivo de&hellip;<\/p>\n","protected":false},"author":2,"featured_media":40653,"comment_status":"closed","ping_status":"open","sticky":false,"template":"","format":"standard","meta":{"_lmt_disableupdate":"","_lmt_disable":"","_jetpack_memberships_contains_paid_content":false,"footnotes":""},"categories":[109,46],"tags":[1421],"class_list":["post-40652","post","type-post","status-publish","format-standard","has-post-thumbnail","hentry","category-minuto-a-minuto","category-zona-blanca","tag-secretaria-de-seguridad-publica-de-oaxaca-sspo"],"jetpack_featured_media_url":"https:\/\/zonaroja.com.mx\/wp-content\/uploads\/2022\/05\/Prevencion-del-delito-SSPO.jpg","jetpack_sharing_enabled":true,"_links":{"self":[{"href":"https:\/\/zonaroja.com.mx\/index.php?rest_route=\/wp\/v2\/posts\/40652","targetHints":{"allow":["GET"]}}],"collection":[{"href":"https:\/\/zonaroja.com.mx\/index.php?rest_route=\/wp\/v2\/posts"}],"about":[{"href":"https:\/\/zonaroja.com.mx\/index.php?rest_route=\/wp\/v2\/types\/post"}],"author":[{"embeddable":true,"href":"https:\/\/zonaroja.com.mx\/index.php?rest_route=\/wp\/v2\/users\/2"}],"replies":[{"embeddable":true,"href":"https:\/\/zonaroja.com.mx\/index.php?rest_route=%2Fwp%2Fv2%2Fcomments&post=40652"}],"version-history":[{"count":2,"href":"https:\/\/zonaroja.com.mx\/index.php?rest_route=\/wp\/v2\/posts\/40652\/revisions"}],"predecessor-version":[{"id":40661,"href":"https:\/\/zonaroja.com.mx\/index.php?rest_route=\/wp\/v2\/posts\/40652\/revisions\/40661"}],"wp:featuredmedia":[{"embeddable":true,"href":"https:\/\/zonaroja.com.mx\/index.php?rest_route=\/wp\/v2\/media\/40653"}],"wp:attachment":[{"href":"https:\/\/zonaroja.com.mx\/index.php?rest_route=%2Fwp%2Fv2%2Fmedia&parent=40652"}],"wp:term":[{"taxonomy":"category","embeddable":true,"href":"https:\/\/zonaroja.com.mx\/index.php?rest_route=%2Fwp%2Fv2%2Fcategories&post=40652"},{"taxonomy":"post_tag","embeddable":true,"href":"https:\/\/zonaroja.com.mx\/index.php?rest_route=%2Fwp%2Fv2%2Ftags&post=40652"}],"curies":[{"name":"wp","href":"https:\/\/api.w.org\/{rel}","templated":true}]}}