{"id":40662,"date":"2022-05-01T18:55:07","date_gmt":"2022-05-01T23:55:07","guid":{"rendered":"http:\/\/www.zonaroja.com.mx\/?p=40662"},"modified":"2022-05-01T18:55:09","modified_gmt":"2022-05-01T23:55:09","slug":"aseguran-que-salomon-jara-tiene-el-60-de-preferencia-ciudadana","status":"publish","type":"post","link":"https:\/\/zonaroja.com.mx\/?p=40662","title":{"rendered":"Aseguran que Salom\u00f3n Jara tiene el 60% de preferencia ciudadana"},"content":{"rendered":"\n<p>Redacci\u00f3n\/Zona Roja.<\/p>\n\n\n\n<p>Oaxaca de Ju\u00e1rez, Oax., 1 de mayo de 2022.- El 60 por ciento de los oaxaque\u00f1os considera que las propuestas del candidato de Morena-PT-PVEM-PUP, Salom\u00f3n Jara Cruz, son las mejores en este proceso electoral seg\u00fan la casa encuestadora Grupo Impacto 360.&nbsp;<\/p>\n\n\n\n<p>El documento demosc\u00f3pico, tambi\u00e9n confirma una diferencia de 31 puntos de ventaja en las preferencias electorales con 52 puntos porcentuales frente al 21 por ciento del candidato del PRI, Alejandro Avil\u00e9s \u00c1lvarez.<\/p>\n\n\n\n<p>A casi la mitad del actual proceso electoral, el candidato de la coalici\u00f3n \u00abJuntos Hacemos Historia\u00bb por la gubernatura del estado de Oaxaca, Salom\u00f3n Jara Cruz, aventaj\u00f3 el mes de mayo con el 61% de las preferencias electorales y aceptaci\u00f3n ciudadana.&nbsp;<\/p>\n\n\n\n<p>Los resultados de la casa encuestadora Grupo Impacto 360, arroja estad\u00edsticas derivadas de tres principales preguntas realizadas a las y los habitantes del Estado de Oaxaca.&nbsp;<\/p>\n\n\n\n<p>A una primera pregunta sobre por cu\u00e1l partido o coalici\u00f3n votar\u00edan si este d\u00eda\u00a0 fueran las elecciones, el 49 de las personas encuestadas afirmaron que su sufragio ser\u00e1 a favor de la coalici\u00f3n \u00abJuntos Hacemos Historia\u00bb.\u00a0<\/p>\n\n\n\n<figure class=\"wp-block-embed is-type-rich is-provider-twitter wp-block-embed-twitter\"><div class=\"wp-block-embed__wrapper\">\n<div class=\"twitter-tweet\"><blockquote class=\"twitter-tweet\" data-lang=\"es\"><p lang=\"es\" dir=\"ltr\">Desde Santiago Tetepec seguimos con la gira de la esperanza, dando a conocer las acciones con los que lograremos construir un verdadero estado de bienestar, que les permita a todas y todos tener un futuro de prosperidad, justicia y paz.<a href=\"https:\/\/twitter.com\/hashtag\/PrimaveraOaxaque%C3%B1a?src=hash&amp;ref_src=twsrc%5Etfw\">#PrimaveraOaxaque\u00f1a<\/a> <a href=\"https:\/\/t.co\/JTa8tu9r97\">pic.twitter.com\/JTa8tu9r97<\/a><\/p>&mdash; Salom\u00f3n Jara Cruz (@salomonj) <a href=\"https:\/\/twitter.com\/salomonj\/status\/1520889813028814859?ref_src=twsrc%5Etfw\">1 de mayo de 2022<\/a><\/blockquote><\/div>\n<\/div><\/figure>\n\n\n\n<p>Adem\u00e1s, a la pregunta espec\u00edfica sobre las personas que abanderan cada candidatura, el 52% del electorado oaxaque\u00f1o encuestado afirm\u00f3 que votar\u00e1 por Salom\u00f3n Jara Cruz, abanderado de los partidos Morena, PUP, PT y Verde Ecologista.&nbsp;<\/p>\n\n\n\n<p>El 61% de los encuestados aseguran que Salom\u00f3n Jara Cruz, es el candidato que tiene las mejores propuestas de gobierno, eso explicar\u00eda la suma de diversos actores que le apuestan a que al Estado llegue la primavera Oaxaque\u00f1a.&nbsp;<\/p>\n\n\n\n<p>En este contexto, desde la presentaci\u00f3n de la propuesta del Plan de Gobierno del candidato de Morena, diversas voces de activistas y especialistas han argumentado que Jara Cruz es el \u00fanico candidato que ha integrado importantes rubros, entre estos, la transversalidad de g\u00e9nero.<\/p>\n\n\n\n<p>Cabe mencionar que este d\u00eda, Jara Cruz continu\u00f3 sumando simpat\u00edas al visitar los municipios de Santiago Ixtayutla, Santiago Tetepec, Santiago Jamiltepec as\u00ed como San Lorenzo y San Andr\u00e9s Huaxpaltepec.<\/p>\n\n\n\n<p>Quiere dirigente de la Secci\u00f3n 22 ocho horas de labores y ocho de descanso diarios.<\/p>\n","protected":false},"excerpt":{"rendered":"<p>Redacci\u00f3n\/Zona Roja. Oaxaca de Ju\u00e1rez, Oax., 1 de mayo de 2022.- El 60 por ciento&hellip;<\/p>\n","protected":false},"author":2,"featured_media":40663,"comment_status":"closed","ping_status":"open","sticky":false,"template":"","format":"standard","meta":{"_lmt_disableupdate":"","_lmt_disable":"","_jetpack_memberships_contains_paid_content":false,"footnotes":""},"categories":[109,46],"tags":[939],"class_list":["post-40662","post","type-post","status-publish","format-standard","has-post-thumbnail","hentry","category-minuto-a-minuto","category-zona-blanca","tag-salomon-jara-cruz"],"jetpack_featured_media_url":"https:\/\/zonaroja.com.mx\/wp-content\/uploads\/2022\/05\/Salomon-Jara-gira-Costa-chica.jpg","jetpack_sharing_enabled":true,"_links":{"self":[{"href":"https:\/\/zonaroja.com.mx\/index.php?rest_route=\/wp\/v2\/posts\/40662","targetHints":{"allow":["GET"]}}],"collection":[{"href":"https:\/\/zonaroja.com.mx\/index.php?rest_route=\/wp\/v2\/posts"}],"about":[{"href":"https:\/\/zonaroja.com.mx\/index.php?rest_route=\/wp\/v2\/types\/post"}],"author":[{"embeddable":true,"href":"https:\/\/zonaroja.com.mx\/index.php?rest_route=\/wp\/v2\/users\/2"}],"replies":[{"embeddable":true,"href":"https:\/\/zonaroja.com.mx\/index.php?rest_route=%2Fwp%2Fv2%2Fcomments&post=40662"}],"version-history":[{"count":1,"href":"https:\/\/zonaroja.com.mx\/index.php?rest_route=\/wp\/v2\/posts\/40662\/revisions"}],"predecessor-version":[{"id":40664,"href":"https:\/\/zonaroja.com.mx\/index.php?rest_route=\/wp\/v2\/posts\/40662\/revisions\/40664"}],"wp:featuredmedia":[{"embeddable":true,"href":"https:\/\/zonaroja.com.mx\/index.php?rest_route=\/wp\/v2\/media\/40663"}],"wp:attachment":[{"href":"https:\/\/zonaroja.com.mx\/index.php?rest_route=%2Fwp%2Fv2%2Fmedia&parent=40662"}],"wp:term":[{"taxonomy":"category","embeddable":true,"href":"https:\/\/zonaroja.com.mx\/index.php?rest_route=%2Fwp%2Fv2%2Fcategories&post=40662"},{"taxonomy":"post_tag","embeddable":true,"href":"https:\/\/zonaroja.com.mx\/index.php?rest_route=%2Fwp%2Fv2%2Ftags&post=40662"}],"curies":[{"name":"wp","href":"https:\/\/api.w.org\/{rel}","templated":true}]}}