{"id":40665,"date":"2022-05-01T20:30:23","date_gmt":"2022-05-02T01:30:23","guid":{"rendered":"http:\/\/www.zonaroja.com.mx\/?p=40665"},"modified":"2022-05-01T20:30:34","modified_gmt":"2022-05-02T01:30:34","slug":"y-la-burocracia-salio-a-las-calles-a-marchar-aunque-no-quiere-laborar","status":"publish","type":"post","link":"https:\/\/zonaroja.com.mx\/?p=40665","title":{"rendered":"Y la burocracia sali\u00f3 a las calles a marchar\u2026 aunque no quiere laborar"},"content":{"rendered":"\n<p>Ismael Garc\u00eda M.\/Zona Roja.<\/p>\n\n\n\n<p>Oaxaca de Ju\u00e1rez, Oax., 1 de mayo de 2022.- Como nunca, y m\u00e1s en domingo, la burocracia oaxaque\u00f1a madrug\u00f3.&nbsp;<\/p>\n\n\n\n<p>M\u00e1s de dos a\u00f1os de pandemia por Covid-19 los ha mantenido en casa, sin trabajar, pero a los sindicalizados del gobierno de Oaxaca no les import\u00f3 eso, con tal de verse hoy, abrazarse, estrenar uniforme, convivir, desayunar, chacotear\u2026<\/p>\n\n\n\n<p>La v\u00edspera les avisaron que el punto de reuni\u00f3n ser\u00eda la calzada Madero, unos en la explanada de la iglesia del Ex Marquesado, otros en el jard\u00edn Madero. Unos a las ocho de la ma\u00f1ana, otros media hora antes.<\/p>\n\n\n\n<p>El caso es que, a esa hora, la avenida Morelos y Divisi\u00f3n Oriente, atestadas de gente y de carros. No menos la citada calzada. \u00a1Amiga, qu\u00e9 gusto! \u00a1Hasta que nos vemos a ver! \u00a1Comadre, cu\u00e1ntos kilos sin vernos! Carnal, te veo m\u00e1s cachet\u00f3n y m\u00e1s panz\u00f3n carnal, se ve que la pandemia te asent\u00f3.<\/p>\n\n\n\n<p>Los comentarios, de todo tipo. La algarab\u00eda, los tenis de marca, el pantal\u00f3n de mezclilla, y agua y lunch para tirar para arriba.<\/p>\n\n\n\n<p>El amontonado, por todos lados. Playeras blancas, camisolas de mezclilla, camisas color caqui, de todos los colores llevaba la mayor\u00eda. Menos los de la Secretar\u00eda de Administraci\u00f3n, que s\u00f3lo alcanzaron a dar gorras, y el resto lo dar\u00e1n en efectivo.<\/p>\n\n\n\n<p>M\u00e1s dadivosos los de la Direcci\u00f3n del Registro Civil, que les dieron lunch al inicio y lunch al final. R\u00edos de gente. Gorra, sobrero, maquillaje, el pelo bien peinado. SAPAO, Finanzas, Obras P\u00fablicas, Fiscal\u00eda, todos sin faltar. <\/p>\n\n\n\n<figure class=\"wp-block-embed is-type-rich is-provider-twitter wp-block-embed-twitter\"><div class=\"wp-block-embed__wrapper\">\n<div class=\"twitter-tweet\"><blockquote class=\"twitter-tweet\" data-lang=\"es\"><p lang=\"es\" dir=\"ltr\"><a href=\"https:\/\/twitter.com\/hashtag\/%C3%9AltimoMinuto?src=hash&amp;ref_src=twsrc%5Etfw\">#\u00daltimoMinuto<\/a> <br>De la calzada Madero con rumbo al z\u00f3calo de la ciudad de <a href=\"https:\/\/twitter.com\/hashtag\/Oaxaca?src=hash&amp;ref_src=twsrc%5Etfw\">#Oaxaca<\/a>, marchan miles de bur\u00f3cratas de diversas dependencias del <a href=\"https:\/\/twitter.com\/GobOax?ref_src=twsrc%5Etfw\">@GobOax<\/a>.<br>Se prev\u00e9 que tras ello, las autoridades reintegren en los pr\u00f3ximos d\u00edas a los sindicalizados a sus respectivos centros de trabajo. <a href=\"https:\/\/t.co\/XGvbo6XC4j\">pic.twitter.com\/XGvbo6XC4j<\/a><\/p>&mdash; Zona Roja Oaxaca (@ZonaRoja_Oaxaca) <a href=\"https:\/\/twitter.com\/ZonaRoja_Oaxaca\/status\/1520771133695483907?ref_src=twsrc%5Etfw\">1 de mayo de 2022<\/a><\/blockquote><\/div>\n<\/div><\/figure>\n\n\n\n<p>ALGARAB\u00cdA<\/p>\n\n\n\n<p>\u00a1Esta marcha no es de fiesta, es de lucha y de protesta! \u00a1Esta marcha no es de fiesta, es de lucha y de protesta! \u00a1Adelante, atr\u00e1s, a los lados, aqu\u00ed no hay acarreados!, las tibias consignas que nadie se cre\u00eda.&nbsp;<\/p>\n\n\n\n<p>Minutos despu\u00e9s de las ocho de la ma\u00f1ana y encabezados por el dirigente del Sindicato de Trabajadores y Empleados al Servicio de los Poderes e Instituciones Descentralizadas de Car\u00e1cter Estatal, Pedro Castillejos, partieron con rumbo al z\u00f3calo.<\/p>\n\n\n\n<p>A paso \u00e1gil, m\u00e1s con rostros de alegr\u00eda por reencontrarse de nuevo que exigir demandas laborales por el D\u00eda del Trabajo, los bur\u00f3cratas cruzaron a eso de las diez de la ma\u00f1ana frente al Palacio de Gobierno y se disolvieron.<\/p>\n\n\n\n<p>De ah\u00ed a buscar a la familia, a los amigos, a las amigas, para ir a desayunar juntos, para brindar por el reencuentro\u2026 aunque el regresar a las oficinas quede para despu\u00e9s.<\/p>\n\n\n\n<p>Las marchas del 1 de Mayo continuaron luego con trabajadores del Poder Judicial, del norte al centro; m\u00e1s tarde la Secci\u00f3n 22 del SNTE, cuya sumisa dirigencia a\u00fan con Eloy Mart\u00ednez, apenas termin\u00f3 el mitin, despu\u00e9s del medio d\u00eda, y se fue a buscar al gobernador Alejandro Murat para entregar su pliego petitorio.<\/p>\n\n\n\n<p>As\u00ed se vivi\u00f3 el domingo alegre, domingo de reencuentros, domingo de estrenar uniforme. Y de regresar a casa a seguir pasando la pandemia\u2026 hasta que los dirigentes autoricen volver a las escuelas.<\/p>\n\n\n\n<figure class=\"wp-block-embed is-type-rich is-provider-twitter wp-block-embed-twitter\"><div class=\"wp-block-embed__wrapper\">\n<div class=\"twitter-tweet\"><blockquote class=\"twitter-tweet\" data-lang=\"es\"><p lang=\"es\" dir=\"ltr\"><a href=\"https:\/\/twitter.com\/hashtag\/%C3%9AltimoMinuto?src=hash&amp;ref_src=twsrc%5Etfw\">#\u00daltimoMinuto<\/a> <br>La Secci\u00f3n 22 del SNTE, tambi\u00e9n sali\u00f3 masivamente a las calles este domingo, para exigir sus derechos laborales, sin acordarse de los derechos de la ni\u00f1ez oaxaque\u00f1a.<a href=\"https:\/\/twitter.com\/hashtag\/DiaDelTrabajador?src=hash&amp;ref_src=twsrc%5Etfw\">#DiaDelTrabajador<\/a> <a href=\"https:\/\/t.co\/ZUCtFLzLYm\">pic.twitter.com\/ZUCtFLzLYm<\/a><\/p>&mdash; Zona Roja Oaxaca (@ZonaRoja_Oaxaca) <a href=\"https:\/\/twitter.com\/ZonaRoja_Oaxaca\/status\/1520854900137250816?ref_src=twsrc%5Etfw\">1 de mayo de 2022<\/a><\/blockquote><\/div>\n<\/div><\/figure>\n","protected":false},"excerpt":{"rendered":"<p>Ismael Garc\u00eda M.\/Zona Roja. Oaxaca de Ju\u00e1rez, Oax., 1 de mayo de 2022.- Como nunca,&hellip;<\/p>\n","protected":false},"author":2,"featured_media":40666,"comment_status":"closed","ping_status":"open","sticky":false,"template":"","format":"standard","meta":{"_lmt_disableupdate":"","_lmt_disable":"","_jetpack_memberships_contains_paid_content":false,"footnotes":""},"categories":[109,47],"tags":[],"class_list":["post-40665","post","type-post","status-publish","format-standard","has-post-thumbnail","hentry","category-minuto-a-minuto","category-zona-gris"],"jetpack_featured_media_url":"https:\/\/zonaroja.com.mx\/wp-content\/uploads\/2022\/05\/Marcha-burocratas-1-de-mayo.jpg","jetpack_sharing_enabled":true,"_links":{"self":[{"href":"https:\/\/zonaroja.com.mx\/index.php?rest_route=\/wp\/v2\/posts\/40665","targetHints":{"allow":["GET"]}}],"collection":[{"href":"https:\/\/zonaroja.com.mx\/index.php?rest_route=\/wp\/v2\/posts"}],"about":[{"href":"https:\/\/zonaroja.com.mx\/index.php?rest_route=\/wp\/v2\/types\/post"}],"author":[{"embeddable":true,"href":"https:\/\/zonaroja.com.mx\/index.php?rest_route=\/wp\/v2\/users\/2"}],"replies":[{"embeddable":true,"href":"https:\/\/zonaroja.com.mx\/index.php?rest_route=%2Fwp%2Fv2%2Fcomments&post=40665"}],"version-history":[{"count":2,"href":"https:\/\/zonaroja.com.mx\/index.php?rest_route=\/wp\/v2\/posts\/40665\/revisions"}],"predecessor-version":[{"id":40669,"href":"https:\/\/zonaroja.com.mx\/index.php?rest_route=\/wp\/v2\/posts\/40665\/revisions\/40669"}],"wp:featuredmedia":[{"embeddable":true,"href":"https:\/\/zonaroja.com.mx\/index.php?rest_route=\/wp\/v2\/media\/40666"}],"wp:attachment":[{"href":"https:\/\/zonaroja.com.mx\/index.php?rest_route=%2Fwp%2Fv2%2Fmedia&parent=40665"}],"wp:term":[{"taxonomy":"category","embeddable":true,"href":"https:\/\/zonaroja.com.mx\/index.php?rest_route=%2Fwp%2Fv2%2Fcategories&post=40665"},{"taxonomy":"post_tag","embeddable":true,"href":"https:\/\/zonaroja.com.mx\/index.php?rest_route=%2Fwp%2Fv2%2Ftags&post=40665"}],"curies":[{"name":"wp","href":"https:\/\/api.w.org\/{rel}","templated":true}]}}