{"id":40676,"date":"2022-05-02T07:27:04","date_gmt":"2022-05-02T12:27:04","guid":{"rendered":"http:\/\/www.zonaroja.com.mx\/?p=40676"},"modified":"2022-05-02T07:27:06","modified_gmt":"2022-05-02T12:27:06","slug":"habra-supercarretera-oaxaca-cuenca-compromete-alejandro-aviles","status":"publish","type":"post","link":"https:\/\/zonaroja.com.mx\/?p=40676","title":{"rendered":"Habr\u00e1 supercarretera Oaxaca-Cuenca, compromete Alejandro Avil\u00e9s"},"content":{"rendered":"\n<p>Redacci\u00f3n\/Zona Roja.<\/p>\n\n\n\n<p>Oaxaca de Ju\u00e1rez, Oax. 2 de mayo de 2022.- Durante recorridos a ras de tierra por tres d\u00edas en las localidades de San Francisco Zihualtepec, Valle Nacional, Santa Mar\u00eda Jacatepec, San Felipe Usila, Loma Bonita, San Juan Bautista Tuxtepec y Acatl\u00e1n de P\u00e9rez Figueroa, el candidato a la gubernatura de Oaxaca, Alejandro Avil\u00e9s \u00c1lvarez, recibi\u00f3 el respaldo masivo de habitantes, organizaciones, simpatizantes y militantes del PRI y PRD de la regi\u00f3n, que confirmaron su preferencia por sus propuestas de gobierno con enfoque social e incluyente.<\/p>\n\n\n\n<p>En eventos multitudinarios, el \u201cTriple A\u201d se comprometi\u00f3 con las familias cuenque\u00f1as, para fortalecer los apoyos al campo, ecoturismo, infraestructura carretera, salud, educaci\u00f3n, seguridad y desarrollo social, a fin de que las y los oaxaque\u00f1os cuenten con un gobierno que trabaje de lado de la gente, sin distingos ni preferencias.<\/p>\n\n\n\n<p>\u201cEn mi gobierno, vamos a concretar el proyecto de la carretera Oaxaca-Tuxtepec que es una demanda de d\u00e9cadas para las comunidades de la Cuenca, con el objetivo de potenciar la conectividad terrestre entre la capital y esta regi\u00f3n\u201d, afirm\u00f3.<\/p>\n\n\n\n<p>El abanderado tricolor, manifest\u00f3 firmemente que su administraci\u00f3n de gobierno no permitir\u00e1 ni tolerar\u00e1 la discriminaci\u00f3n, violencia y exclusi\u00f3n por la orientaci\u00f3n sexual, origen \u00e9tnico o por limitaciones f\u00edsicas en contra de los grupos vulnerables, porque contar\u00e1n con todo el apoyo y protecci\u00f3n de su gobierno.<\/p>\n\n\n\n<figure class=\"wp-block-embed is-type-rich is-provider-twitter wp-block-embed-twitter\"><div class=\"wp-block-embed__wrapper\">\n<div class=\"twitter-tweet\"><blockquote class=\"twitter-tweet\" data-lang=\"es\"><p lang=\"es\" dir=\"ltr\"><a href=\"https:\/\/twitter.com\/hashtag\/EleccionesOaxaca2022?src=hash&amp;ref_src=twsrc%5Etfw\">#EleccionesOaxaca2022<\/a> <br>\u201cEn el ring y en la elecci\u00f3n, \u00a1vamos a ganar! Desde Tututepec y Tepuxtepec, as\u00ed se vive la emoci\u00f3n de la lucha libre en esta campa\u00f1a <a href=\"https:\/\/twitter.com\/hashtag\/AlTriplePorOaxaca?src=hash&amp;ref_src=twsrc%5Etfw\">#AlTriplePorOaxaca<\/a>\u201d, difunde el candidato <a href=\"https:\/\/twitter.com\/_AvilesAlvarez?ref_src=twsrc%5Etfw\">@_AvilesAlvarez<\/a>. <a href=\"https:\/\/t.co\/6Trk6Gej6c\">pic.twitter.com\/6Trk6Gej6c<\/a><\/p>&mdash; Zona Roja Oaxaca (@ZonaRoja_Oaxaca) <a href=\"https:\/\/twitter.com\/ZonaRoja_Oaxaca\/status\/1520821931007750148?ref_src=twsrc%5Etfw\">1 de mayo de 2022<\/a><\/blockquote><\/div>\n<\/div><\/figure>\n\n\n\n<p>\u201cSomos una campa\u00f1a que camina en todas las regiones porque seremos un gobierno que estar\u00e1 en las calles, no en oficina, gobernaremos de lado de los pueblos y comunidades porque ser\u00e9 un luchador de los m\u00e1s desprotegidos, de los que menos tienen\u201d, reiter\u00f3.<\/p>\n\n\n\n<p>En Valle Nacional, Santa Mar\u00eda Jacatepec, San Felipe Usila y Loma Bonita, acompa\u00f1ado de la Secretaria General a nivel nacional del PRD, Adriana D\u00edaz y del Presidente del PRD Oaxaca, Tom\u00e1s Basald\u00fa, as\u00ed como por l\u00edderes de este partido, Alejandro Avil\u00e9s asegur\u00f3 que las jefas de familia tendr\u00e1n garantizado un seguro de empleo de 3 mil pesos por 3 meses, y las madres trabajadoras recibir\u00e1n un subsidio del 30 por ciento para el pago del recibo de luz, de internet y del costo del tanque de gas.<\/p>\n\n\n\n<p>A su vez, el \u201cTriple A\u201d confirm\u00f3 que se triplicar\u00e1n los empleos para los j\u00f3venes con el programa \u201cTu Primer Empleo\u201d, que incorporar\u00e1 a las y los egresados universitarios al \u00e1mbito laboral, as\u00ed como tambi\u00e9n brindar\u00e1 oportunidades productivas para las personas con discapacidad.<\/p>\n\n\n\n<p>\u201cTienen mi palabra de que vamos a trabajar al triple por Oaxaca para que tengan mejores oportunidades para salir adelante\u201d, ponder\u00f3 al culminar su gira de campa\u00f1a por la regi\u00f3n cuenque\u00f1a.<\/p>\n","protected":false},"excerpt":{"rendered":"<p>Redacci\u00f3n\/Zona Roja. Oaxaca de Ju\u00e1rez, Oax. 2 de mayo de 2022.- Durante recorridos a ras&hellip;<\/p>\n","protected":false},"author":2,"featured_media":40677,"comment_status":"closed","ping_status":"open","sticky":false,"template":"","format":"standard","meta":{"_lmt_disableupdate":"","_lmt_disable":"","_jetpack_memberships_contains_paid_content":false,"footnotes":""},"categories":[109,46],"tags":[316,2879],"class_list":["post-40676","post","type-post","status-publish","format-standard","has-post-thumbnail","hentry","category-minuto-a-minuto","category-zona-blanca","tag-alejandro-aviles-alvarez","tag-elecciones-oaxaca-2022"],"jetpack_featured_media_url":"https:\/\/zonaroja.com.mx\/wp-content\/uploads\/2022\/05\/Alejandro-aviles-Costa.jpg","jetpack_sharing_enabled":true,"_links":{"self":[{"href":"https:\/\/zonaroja.com.mx\/index.php?rest_route=\/wp\/v2\/posts\/40676","targetHints":{"allow":["GET"]}}],"collection":[{"href":"https:\/\/zonaroja.com.mx\/index.php?rest_route=\/wp\/v2\/posts"}],"about":[{"href":"https:\/\/zonaroja.com.mx\/index.php?rest_route=\/wp\/v2\/types\/post"}],"author":[{"embeddable":true,"href":"https:\/\/zonaroja.com.mx\/index.php?rest_route=\/wp\/v2\/users\/2"}],"replies":[{"embeddable":true,"href":"https:\/\/zonaroja.com.mx\/index.php?rest_route=%2Fwp%2Fv2%2Fcomments&post=40676"}],"version-history":[{"count":1,"href":"https:\/\/zonaroja.com.mx\/index.php?rest_route=\/wp\/v2\/posts\/40676\/revisions"}],"predecessor-version":[{"id":40678,"href":"https:\/\/zonaroja.com.mx\/index.php?rest_route=\/wp\/v2\/posts\/40676\/revisions\/40678"}],"wp:featuredmedia":[{"embeddable":true,"href":"https:\/\/zonaroja.com.mx\/index.php?rest_route=\/wp\/v2\/media\/40677"}],"wp:attachment":[{"href":"https:\/\/zonaroja.com.mx\/index.php?rest_route=%2Fwp%2Fv2%2Fmedia&parent=40676"}],"wp:term":[{"taxonomy":"category","embeddable":true,"href":"https:\/\/zonaroja.com.mx\/index.php?rest_route=%2Fwp%2Fv2%2Fcategories&post=40676"},{"taxonomy":"post_tag","embeddable":true,"href":"https:\/\/zonaroja.com.mx\/index.php?rest_route=%2Fwp%2Fv2%2Ftags&post=40676"}],"curies":[{"name":"wp","href":"https:\/\/api.w.org\/{rel}","templated":true}]}}