{"id":40679,"date":"2022-05-02T07:31:21","date_gmt":"2022-05-02T12:31:21","guid":{"rendered":"http:\/\/www.zonaroja.com.mx\/?p=40679"},"modified":"2022-05-02T07:31:29","modified_gmt":"2022-05-02T12:31:29","slug":"invita-el-ieepco-a-oaxaquenos-a-participar-en-segundo-debate-de-candidatos","status":"publish","type":"post","link":"https:\/\/zonaroja.com.mx\/?p=40679","title":{"rendered":"Invita el IEEPCO a oaxaque\u00f1os a participar en debate de candidatos"},"content":{"rendered":"\n<p>Redacci\u00f3n\/Zona Roja.<\/p>\n\n\n\n<p>Oaxaca de Ju\u00e1rez, Oax., 2 de mayo de 2022.- El Instituto Estatal Electoral y de Participaci\u00f3n Ciudadana de Oaxaca (IEEPCO), a trav\u00e9s de la Comisi\u00f3n Temporal de Comunicaci\u00f3n, aprob\u00f3 la convocatoria \u201cManda tu video y pregunta en el debate\u201d para la obtenci\u00f3n de las preguntas ciudadanas que ser\u00e1n utilizadas en el segundo debate entre candidatas y candidatos a la gubernatura del estado, organizado por el Instituto Estatal Electoral y de Participaci\u00f3n Ciudadana de Oaxaca para el Proceso Electoral Ordinario 2021-2022. &nbsp;<\/p>\n\n\n\n<p>La convocatoria est\u00e1 dirigida a toda la ciudadan\u00eda oaxaque\u00f1a, mayor de edad, que podr\u00e1 mandar un video enunciando una pregunta sobre los temas que ya fueron sorteados previamente: Derechos Ind\u00edgenas y Afromexicanos, Migraci\u00f3n, y Combate a la Corrupci\u00f3n y Transparencia. &nbsp;<\/p>\n\n\n\n<p>Dicha convocatoria estar\u00e1 abierta a partir de este vienes y hasta el 9 de mayo, fecha l\u00edmite para enviar los videos que ser\u00e1n analizados por la Comisi\u00f3n Temporal de Comunicaci\u00f3n a fin de seleccionar 12 que mediante sorteo podr\u00e1n ser transmitidos durante el Debate que realizar\u00e1 el 15 de mayo, en punto de la 18:00 horas y podr\u00e1n seguir por las frecuencias de CORTV y las redes sociales del IEEPCO. &nbsp;<\/p>\n\n\n\n<p>Al respecto el consejero electoral y presidente de la Comisi\u00f3n Temporal de Comunicaci\u00f3n, Alejandro Carrasco Sampedro, destac\u00f3 la relevancia de hacer part\u00edcipe a la ciudadan\u00eda en el Segundo Debate con las candidaturas a la gubernatura.&nbsp; &nbsp;<\/p>\n\n\n\n<p>\u201cEs un d\u00eda muy importante para el Instituto, tras m\u00e1s de 50 d\u00edas desde que iniciaron los trabajos de organizaci\u00f3n de los dos debates, hoy anunciamos la convocatoria que permitir\u00e1 a la ciudadan\u00eda ser parte activa de estos ejercicios democr\u00e1ticos\u201d, detall\u00f3 el consejero electoral.&nbsp;&nbsp; &nbsp;<\/p>\n\n\n\n<p>Por su parte, la consejera electoral Nayma Enr\u00edquez Estrada celebr\u00f3 los trabajos realizados hasta el momento en la organizaci\u00f3n de los debates e hizo un llamado a la ciudadan\u00eda a hacer suya la convocatoria y formular sus preguntas en un ejercicio democr\u00e1tico fundamental y urgente, rumbo a la jornada electoral.&nbsp;&nbsp; &nbsp;<\/p>\n\n\n\n<p>En sesi\u00f3n extraordinaria urgente, la Comisi\u00f3n Temporal de Comunicaci\u00f3n tambi\u00e9n aprob\u00f3 la realizaci\u00f3n de dos debates externos promovidos por el Centro Empresarial de Oaxaca S.P. (Coparmex) y la Benem\u00e9rita Universidad de Oaxaca.&nbsp; &nbsp;<\/p>\n\n\n\n<p>Los ejercicios democr\u00e1ticos se llevar\u00e1n a cabo el mi\u00e9rcoles 4 y el lunes 9 de mayo conforme a los datos expuestos por ambas instancias, quienes cumplieron con todos y cada uno de los requisitos expuestos en el Reglamento de Debates del IEEPCO.&nbsp;<\/p>\n","protected":false},"excerpt":{"rendered":"<p>Redacci\u00f3n\/Zona Roja. Oaxaca de Ju\u00e1rez, Oax., 2 de mayo de 2022.- El Instituto Estatal Electoral&hellip;<\/p>\n","protected":false},"author":2,"featured_media":40680,"comment_status":"closed","ping_status":"open","sticky":false,"template":"","format":"standard","meta":{"_lmt_disableupdate":"","_lmt_disable":"","_jetpack_memberships_contains_paid_content":false,"footnotes":""},"categories":[109,46],"tags":[2932],"class_list":["post-40679","post","type-post","status-publish","format-standard","has-post-thumbnail","hentry","category-minuto-a-minuto","category-zona-blanca","tag-instituto-estatal-electoral-y-de-participacion-ciudadana-de-oaxaca-ieepco"],"jetpack_featured_media_url":"https:\/\/zonaroja.com.mx\/wp-content\/uploads\/2022\/05\/Debate-electoral.jpg","jetpack_sharing_enabled":true,"_links":{"self":[{"href":"https:\/\/zonaroja.com.mx\/index.php?rest_route=\/wp\/v2\/posts\/40679","targetHints":{"allow":["GET"]}}],"collection":[{"href":"https:\/\/zonaroja.com.mx\/index.php?rest_route=\/wp\/v2\/posts"}],"about":[{"href":"https:\/\/zonaroja.com.mx\/index.php?rest_route=\/wp\/v2\/types\/post"}],"author":[{"embeddable":true,"href":"https:\/\/zonaroja.com.mx\/index.php?rest_route=\/wp\/v2\/users\/2"}],"replies":[{"embeddable":true,"href":"https:\/\/zonaroja.com.mx\/index.php?rest_route=%2Fwp%2Fv2%2Fcomments&post=40679"}],"version-history":[{"count":2,"href":"https:\/\/zonaroja.com.mx\/index.php?rest_route=\/wp\/v2\/posts\/40679\/revisions"}],"predecessor-version":[{"id":40682,"href":"https:\/\/zonaroja.com.mx\/index.php?rest_route=\/wp\/v2\/posts\/40679\/revisions\/40682"}],"wp:featuredmedia":[{"embeddable":true,"href":"https:\/\/zonaroja.com.mx\/index.php?rest_route=\/wp\/v2\/media\/40680"}],"wp:attachment":[{"href":"https:\/\/zonaroja.com.mx\/index.php?rest_route=%2Fwp%2Fv2%2Fmedia&parent=40679"}],"wp:term":[{"taxonomy":"category","embeddable":true,"href":"https:\/\/zonaroja.com.mx\/index.php?rest_route=%2Fwp%2Fv2%2Fcategories&post=40679"},{"taxonomy":"post_tag","embeddable":true,"href":"https:\/\/zonaroja.com.mx\/index.php?rest_route=%2Fwp%2Fv2%2Ftags&post=40679"}],"curies":[{"name":"wp","href":"https:\/\/api.w.org\/{rel}","templated":true}]}}