{"id":40685,"date":"2022-05-02T10:04:00","date_gmt":"2022-05-02T15:04:00","guid":{"rendered":"http:\/\/www.zonaroja.com.mx\/?p=40685"},"modified":"2022-05-02T08:27:51","modified_gmt":"2022-05-02T13:27:51","slug":"dos-prolongados-incendios-en-chimalapa-dejan-unas-3500-mil-has-danadas","status":"publish","type":"post","link":"https:\/\/zonaroja.com.mx\/?p=40685","title":{"rendered":"Dos prolongados incendios en Chimalapa dejan unas 3,500 mil has da\u00f1adas"},"content":{"rendered":"\n<p>Redacci\u00f3n\/Zona Roja.<\/p>\n\n\n\n<p>Oaxaca de Ju\u00e1rez, Oax., 2 de mayo de 2022.- M\u00e1s de tres mil hect\u00e1reas de selva en la zona de los Chimalapa, Oaxaca, han sido da\u00f1adas por dos prolongados incendios forestales.<\/p>\n\n\n\n<p>La m\u00e1s reciente conflagraci\u00f3n, que a\u00fan no ha sido liquidada en su totalidad, fue en el paraje \u201cLa Ciruela\u201d de San Miguel Chimalapa, regi\u00f3n del Istmo; hasta ayer fue controlado en su totalidad pero llevaba el 90 por ciento de liquidaci\u00f3n; dej\u00f3 afectaciones por 800 hect\u00e1reas y dur\u00f3 siete d\u00edas.<\/p>\n\n\n\n<p>El otro siniestro forestal dur\u00f3 alrededor de tres semanas en el paraje \u201cLas Petacas\u201d, tambi\u00e9n de San Miguel, y fue extinguido a finales de abril pasado.<\/p>\n\n\n\n<p>Por dos d\u00edas, la Comisi\u00f3n Estatal Forestal (Coesfo) de Oaxaca ocult\u00f3 los datos de seguimiento al caso y no dio la cifra final de da\u00f1os, que seg\u00fan los comuneros es de unas dos mil 500 hect\u00e1reas.<\/p>\n\n\n\n<p>De acuerdo con la misma dependencia del Gobierno del Estado, al corte de ayer domingo hab\u00eda s\u00f3lo un incendio activo, en Santiago Ixtayutla, regi\u00f3n de la Costa.<\/p>\n\n\n\n<p>En lo que va del a\u00f1o se han registrado 91 conflagraciones, con afectaciones a siete mil 742 hect\u00e1reas.<\/p>\n\n\n\n<p>Cabe precisar que la semana pasada, combatientes denunciaron que la Coesfo, que encabeza Aar\u00f3n Ju\u00e1rez, se ha negado a pagar desde hace siete meses los trabajos de al menos 28 brigadistas.<\/p>\n\n\n\n<p>En respuesta a ello, el funcionario indic\u00f3 que quienes protestaron ya no laboraban en la instituci\u00f3n.<\/p>\n","protected":false},"excerpt":{"rendered":"<p>Redacci\u00f3n\/Zona Roja. Oaxaca de Ju\u00e1rez, Oax., 2 de mayo de 2022.- M\u00e1s de tres mil&hellip;<\/p>\n","protected":false},"author":2,"featured_media":40686,"comment_status":"closed","ping_status":"open","sticky":false,"template":"","format":"standard","meta":{"_lmt_disableupdate":"","_lmt_disable":"","_jetpack_memberships_contains_paid_content":false,"footnotes":""},"categories":[109,47],"tags":[1256],"class_list":["post-40685","post","type-post","status-publish","format-standard","has-post-thumbnail","hentry","category-minuto-a-minuto","category-zona-gris","tag-incendios-forestales-oaxaca"],"jetpack_featured_media_url":"https:\/\/zonaroja.com.mx\/wp-content\/uploads\/2022\/05\/Incendios-forestales.jpg","jetpack_sharing_enabled":true,"_links":{"self":[{"href":"https:\/\/zonaroja.com.mx\/index.php?rest_route=\/wp\/v2\/posts\/40685","targetHints":{"allow":["GET"]}}],"collection":[{"href":"https:\/\/zonaroja.com.mx\/index.php?rest_route=\/wp\/v2\/posts"}],"about":[{"href":"https:\/\/zonaroja.com.mx\/index.php?rest_route=\/wp\/v2\/types\/post"}],"author":[{"embeddable":true,"href":"https:\/\/zonaroja.com.mx\/index.php?rest_route=\/wp\/v2\/users\/2"}],"replies":[{"embeddable":true,"href":"https:\/\/zonaroja.com.mx\/index.php?rest_route=%2Fwp%2Fv2%2Fcomments&post=40685"}],"version-history":[{"count":1,"href":"https:\/\/zonaroja.com.mx\/index.php?rest_route=\/wp\/v2\/posts\/40685\/revisions"}],"predecessor-version":[{"id":40687,"href":"https:\/\/zonaroja.com.mx\/index.php?rest_route=\/wp\/v2\/posts\/40685\/revisions\/40687"}],"wp:featuredmedia":[{"embeddable":true,"href":"https:\/\/zonaroja.com.mx\/index.php?rest_route=\/wp\/v2\/media\/40686"}],"wp:attachment":[{"href":"https:\/\/zonaroja.com.mx\/index.php?rest_route=%2Fwp%2Fv2%2Fmedia&parent=40685"}],"wp:term":[{"taxonomy":"category","embeddable":true,"href":"https:\/\/zonaroja.com.mx\/index.php?rest_route=%2Fwp%2Fv2%2Fcategories&post=40685"},{"taxonomy":"post_tag","embeddable":true,"href":"https:\/\/zonaroja.com.mx\/index.php?rest_route=%2Fwp%2Fv2%2Ftags&post=40685"}],"curies":[{"name":"wp","href":"https:\/\/api.w.org\/{rel}","templated":true}]}}