{"id":40688,"date":"2022-05-02T08:19:02","date_gmt":"2022-05-02T13:19:02","guid":{"rendered":"http:\/\/www.zonaroja.com.mx\/?p=40688"},"modified":"2022-05-02T08:31:30","modified_gmt":"2022-05-02T13:31:30","slug":"de-quien-la-culpable-de-la-pandemia-de-violencia-y-desapariciones","status":"publish","type":"post","link":"https:\/\/zonaroja.com.mx\/?p=40688","title":{"rendered":"\u00bfDe qui\u00e9n la culpa de la pandemia de violencia y desapariciones?"},"content":{"rendered":"\n<p>Ismael Garc\u00eda M.\/Zona Roja.<\/p>\n\n\n\n<p>Oaxaca de Ju\u00e1rez, Oax., 2 de mayo de 2022.- M\u00e9xico vive tiempos violentos. El crimen organizado se ensa\u00f1a y crece. La ola es imparable por todos los rincones del pa\u00eds.<\/p>\n\n\n\n<p>Y a la par del Covid-19, otra pandemia cubre de luto la Rep\u00fablica: los feminicidios y la desaparici\u00f3n de mujeres, entre otros delitos contra ellas.<\/p>\n\n\n\n<p>M\u00e9xico y Oaxaca tuvieron sus casos connotados, uno de los cuales termin\u00f3 en tragedia y errores gubernamentales.&nbsp;<\/p>\n\n\n\n<p>En Nuevo Le\u00f3n Debanhi fue hallada muerta 13 d\u00edas despu\u00e9s, en una cisterna que supuestamente las autoridades ya hab\u00edan revisado al menos cuatro veces; a casi un mes de su desaparici\u00f3n, que se cumple el 9 de mayo, el caso sigue siendo un misterio.\u00a0<\/p>\n\n\n\n<p>En Oaxaca, un 13 de abril desapareci\u00f3 Aisha. Su madre movi\u00f3 cielo, mar y tierra. Las autoridades igual. Tres d\u00edas despu\u00e9s, fue hallada por la Fiscal\u00eda General del Estado sana y salva en un destino de playa, pero hubo una detenci\u00f3n, una mujer de unos 21 a\u00f1os de edad, supuesta pareja de la jovencita.<\/p>\n\n\n\n<p>CAOS NACIONAL<\/p>\n\n\n\n<p>Seg\u00fan datos de la Comisi\u00f3n Nacional para Prevenir y Erradicar la Violencia contra las Mujeres (Conavim), desde el primer bimestre de 2015 a la fecha el registro de los feminicidios se incrementa a\u00f1o tras a\u00f1o.<\/p>\n\n\n\n<p>En ese lapso, \u201cen 2015 fueron 63; en 2016 hubo 95; en 2017 se contabilizaron 120; en 2018 el registro fue de 139; en 2019 se reportaron 142; en 2020 fueron 167; en 2021 sumaron 154, y este a\u00f1o son 157\u201d.<\/p>\n\n\n\n<p>La misma tendencia se observa en el caso de feminicidios de ni\u00f1as y adolescentes. En el primer bimestre de 2015 a 2017 fueron 11 feminidicios. En 2018 hubo 13; en 2019 se reportaron 20; en 2020 sumaron 25; en 2021 fueron ocho, y este a\u00f1o van 19. Todo seg\u00fan cifras oficiales, porque de acuerdo con organismos civiles, los casos se duplican y hasta triplican.<\/p>\n\n\n\n<p>Por ejemplo, en el primer mes de este 2022 fueron asesinadas 292 mujeres, ni\u00f1as y adolescentes a nivel nacional, de las cuales s\u00f3lo 75 casos se investigan como feminicidio.<\/p>\n\n\n\n<p>Aunado a otros delitos, como la violencia familiar, la violaci\u00f3n, entre otros, las desapariciones est\u00e1n tambi\u00e9n al alza&nbsp;<\/p>\n\n\n\n<p>De acuerdo con el Observatorio Ciudadano Nacional del Feminicidio (OCNF), con informaci\u00f3n de las fiscal\u00edas de 19 entidades, \u201cde enero a diciembre de 2021 desaparecieron 10 mil 32 mujeres, ni\u00f1as y adolescentes, de ellas 2 mil 281 contin\u00faan desaparecidas, y la mayor\u00eda son menores de edad\u201d.<\/p>\n\n\n\n<p>\u00bfY EN OAXACA?<\/p>\n\n\n\n<p>El caso de Aisha despert\u00f3 la pol\u00e9mica en Oaxaca y por esos d\u00edas hubo al menos otra media docena de casos, lo que agiliz\u00f3 a las autoridades estatales, que lograron resolver, a trav\u00e9s de la Fiscal\u00eda General, la mayor\u00eda de casos en menos de una semana.&nbsp;<\/p>\n\n\n\n<p>Seg\u00fan la organizaci\u00f3n Consorcio, de 2016 a la fecha hay mil 697 casos de desaparecidas y este a\u00f1o suman 159 denuncias.<\/p>\n\n\n\n<p>Con respecto a los feminicidios, el actual sexenio es el m\u00e1s violento, con 626 asesinatos violentos de mujeres; en lo que va de este a\u00f1o, son al menos 35 casos.<\/p>\n\n\n\n<p>En tanto, cifras de la Fiscal\u00eda General del Estado revelan que en el mes de abril se publicaron al menos unas 30 fichas de personas desaparecidas y no localizadas, de las cuales una veintena ya hab\u00edan sido halladas.<\/p>\n\n\n\n<p>Tan solo en 2021, la Unidad de Personas Desaparecidas y No Localizadas (DNOL), dependiente de la Fiscal\u00eda General, atendi\u00f3 169 casos de mujeres reportadas como no localizadas, de las cuales hall\u0443 a 164, es decir al 97.04 por ciento de casos.<\/p>\n\n\n\n<p>Con respecto a los feminicidios, en marzo se registraron de forma oficial tres feminicidios, dos menos que en febrero \u2014con cinco casos\u2014 y la mitad de los presentados en enero con seis casos, es decir, durante el primer trimestre del 2022 la autoridad contabiliz\u00f3 14 asesinatos contra mujeres por raz\u00f3n de g\u00e9nero.<\/p>\n\n\n\n<p>\u00bfQU\u00c9 PASA?<\/p>\n\n\n\n<p>Este lunes, el diario \u201cEl Universal\u201d destac\u00f3 en su primera plana el tema de desapariciones y feminicidios, que resumi\u00f3 as\u00ed:<\/p>\n\n\n\n<p>\u201c\u00bfPor qu\u00e9 matan a mujeres en M\u00e9xico? Poner fin a la violencia feminicida en M\u00e9xico requerir\u00e1 mucho tiempo, ya que hay que combatir la impunidad, lograr una aplicaci\u00f3n eficaz de la legislaci\u00f3n existente, mejorar los protocolos y, muy importante, lograr un cambio de la cultura patriarcal, de acuerdo con soci\u00f3logos, abogadas y feministas\u201d.<\/p>\n\n\n\n<p>En la entidad, seg\u00fan datos de la Fiscal\u00eda, del 100 por ciento de las desapariciones de mujeres en Oaxaca, el 90 por ciento son ausencias voluntarias por conflictos entre familiares, lo que genera que los verdaderos casos en que se requiere atenci\u00f3n pierdan focalizaci\u00f3n de las autoridades.&nbsp;<\/p>\n\n\n\n<p>Por la experiencia que ha tenido en estos casos, a trav\u00e9s de la unidad respectiva, los padres de familia deben poner mayor atenci\u00f3n en las conductas de sus hijas e hijos, para evitar que esfuerzos de las autoridades se enfoquen en temas que tienen relaci\u00f3n familiar para que se ponga de mayor atenci\u00f3n en quien verdaderamente se requiere.&nbsp;<\/p>\n\n\n\n<p>Indudablemente que la Fiscal\u00eda que encabeza Arturo Peimbert, contrario a la gris gesti\u00f3n de Rub\u00e9n Vasconcelos, ha puesto mayor atenci\u00f3n en los casos.&nbsp;<\/p>\n\n\n\n<p>Con respecto a los feminicidios, de entrada ha aceptado iniciar todos los asesinatos como feminicidios, a lo que obliga la ley y era reclamo permanente de grupos feministas y que su antecesor deso\u00eda.<\/p>\n\n\n\n<p>Con respecto a las desapariciones, ha habido respuesta efectiva en las denuncias, pese a que la mayor cantidad corresponde a ausencias voluntarias del hogar. Falta mucho por hacer, s\u00ed, y la instituci\u00f3n debe fortalecer a\u00fan m\u00e1s la Fiscal\u00eda Especializada en Delitos por Raz\u00f3n de G\u00e9nero, al igual que la Unidad de Personas Desaparecidas.<\/p>\n\n\n\n<p>Y LA CULPA NO ERA M\u00cdA<\/p>\n\n\n\n<p>\u00bfQu\u00e9 vamos a hacer? \u00bfQu\u00e9 har\u00e1 usted? \u00bfCruzarnos de brazos? O empezar ya a poner fin a estas tragedias.&nbsp;<\/p>\n\n\n\n<p>Lo \u201cnatural\u201d, lo com\u00fan, es culpar a las autoridades; es lo primero que se le ocurre, se nos ocurre, a todos.<\/p>\n\n\n\n<p>Efectivamente, las autoridades tienen una importante responsabilidad, sobre todo en evitar la impunidad y abatir el rezago en las indagatorias. E impulsar m\u00e1s programas de prevenci\u00f3n, responsabilidad, por ejemplo, de la que ha estado ausente la Secretar\u00eda de las Mujeres Oaxaque\u00f1as.<\/p>\n\n\n\n<p>Pero, finalmente, no se requieren m\u00e1s polic\u00edas, porque ese no es el problema; se requerir\u00edan m\u00e1s investigadores y m\u00e1s ministerios p\u00fablicos para resolver los casos, pero eso tambi\u00e9n ser\u00eda superable.<\/p>\n\n\n\n<p>El problema est\u00e1 en casa. \u00bfQu\u00e9 ense\u00f1a a sus hijos e hijas? \u00bfRepite los patrones machistas \u201cporque as\u00ed le ense\u00f1aron sus padres y abuelos\u201d? Ah\u00ed est\u00e1 la clave: qu\u00e9 quiere para sus hijos e hijas; \u00bfles inculca valores desde el inicio? Si no las as\u00ed, entonces no responsabilice a otros de sus problemas en casa.<\/p>\n","protected":false},"excerpt":{"rendered":"<p>Ismael Garc\u00eda M.\/Zona Roja. Oaxaca de Ju\u00e1rez, Oax., 2 de mayo de 2022.- M\u00e9xico vive&hellip;<\/p>\n","protected":false},"author":2,"featured_media":7610,"comment_status":"closed","ping_status":"open","sticky":false,"template":"","format":"standard","meta":{"_lmt_disableupdate":"","_lmt_disable":"","_jetpack_memberships_contains_paid_content":false,"footnotes":""},"categories":[456,109,48],"tags":[1353],"class_list":["post-40688","post","type-post","status-publish","format-standard","has-post-thumbnail","hentry","category-columna","category-minuto-a-minuto","category-zona-critica","tag-opinion-zona-critica"],"jetpack_featured_media_url":"https:\/\/zonaroja.com.mx\/wp-content\/uploads\/2020\/01\/Opini\u00f3n-Zona-Cr\u00edtica.jpg","jetpack_sharing_enabled":true,"_links":{"self":[{"href":"https:\/\/zonaroja.com.mx\/index.php?rest_route=\/wp\/v2\/posts\/40688","targetHints":{"allow":["GET"]}}],"collection":[{"href":"https:\/\/zonaroja.com.mx\/index.php?rest_route=\/wp\/v2\/posts"}],"about":[{"href":"https:\/\/zonaroja.com.mx\/index.php?rest_route=\/wp\/v2\/types\/post"}],"author":[{"embeddable":true,"href":"https:\/\/zonaroja.com.mx\/index.php?rest_route=\/wp\/v2\/users\/2"}],"replies":[{"embeddable":true,"href":"https:\/\/zonaroja.com.mx\/index.php?rest_route=%2Fwp%2Fv2%2Fcomments&post=40688"}],"version-history":[{"count":2,"href":"https:\/\/zonaroja.com.mx\/index.php?rest_route=\/wp\/v2\/posts\/40688\/revisions"}],"predecessor-version":[{"id":40692,"href":"https:\/\/zonaroja.com.mx\/index.php?rest_route=\/wp\/v2\/posts\/40688\/revisions\/40692"}],"wp:featuredmedia":[{"embeddable":true,"href":"https:\/\/zonaroja.com.mx\/index.php?rest_route=\/wp\/v2\/media\/7610"}],"wp:attachment":[{"href":"https:\/\/zonaroja.com.mx\/index.php?rest_route=%2Fwp%2Fv2%2Fmedia&parent=40688"}],"wp:term":[{"taxonomy":"category","embeddable":true,"href":"https:\/\/zonaroja.com.mx\/index.php?rest_route=%2Fwp%2Fv2%2Fcategories&post=40688"},{"taxonomy":"post_tag","embeddable":true,"href":"https:\/\/zonaroja.com.mx\/index.php?rest_route=%2Fwp%2Fv2%2Ftags&post=40688"}],"curies":[{"name":"wp","href":"https:\/\/api.w.org\/{rel}","templated":true}]}}