{"id":40690,"date":"2022-05-02T08:27:13","date_gmt":"2022-05-02T13:27:13","guid":{"rendered":"http:\/\/www.zonaroja.com.mx\/?p=40690"},"modified":"2022-05-02T08:27:14","modified_gmt":"2022-05-02T13:27:14","slug":"latente-covid-en-oaxaca-la-semana-pasada-165-contagios-y-19-decesos","status":"publish","type":"post","link":"https:\/\/zonaroja.com.mx\/?p=40690","title":{"rendered":"Latente Covid en Oaxaca: la semana pasada, 165 contagios y 19 decesos"},"content":{"rendered":"\n<p>Redacci\u00f3n\/Zona Roja.<\/p>\n\n\n\n<p>Oaxaca de Ju\u00e1rez, Oax., 2 de mayo de 2022.- Durante el per\u00edodo comprendido del 24 al 30 de abril, se registr\u00f3 en Oaxaca un acumulado de 119 mil 944 casos confirmados del virus SARS-CoV-2, de los cuales 165 se contabilizaron en esta \u00faltima semana.<\/p>\n\n\n\n<p>Por su parte, el promedio de ocupaci\u00f3n hospitalaria para la atenci\u00f3n a pacientes con complicaciones derivadas del Covid fue de 7.4%.&nbsp;<\/p>\n\n\n\n<p>Adem\u00e1s, se notificaron 19 desafortunados decesos a causa de esta patolog\u00eda respiratoria, informaron los Servicios de Salud de Oaxaca (SSO).<\/p>\n\n\n\n<p>En un comunicado, la dependencia puntualiz\u00f3 que la pandemia sigue activa en las ocho regiones de la entidad, por ello las y los oaxaque\u00f1os deben seguir vigilantes, respetar los protocolos sanitarios establecidos y priorizar la salud, as\u00ed como de las personas vulnerables.<\/p>\n\n\n\n<p>Con la finalidad de regresar a una plena nueva normalidad exhort\u00f3 a la poblaci\u00f3n mayor de 18 a\u00f1os que no se ha vacunado contra el virus SARS-CoV-2 o que no han completado su esquema, ni aplicado la dosis de refuerzo a hacerlo, a trav\u00e9s de los puntos activos de vacunaci\u00f3n en las ocho regiones del estado.<\/p>\n\n\n\n<p>Ello, con la finalidad de protegerse y tambi\u00e9n a las personas a su alrededor, pues la participaci\u00f3n de las y los oaxaque\u00f1os es fundamental para mantener las cifras de contagios, hospitalizaciones y defunciones por Covid-19 en descenso.<\/p>\n\n\n\n<p>Adem\u00e1s, durante el resumen semanal de la situaci\u00f3n epidemiol\u00f3gica actual de la pandemia en la entidad, la instituci\u00f3n convoc\u00f3 a continuar con el uso del cubrebocas, aplicar la sana distancia, lavarse las manos con frecuencia con agua y jab\u00f3n, ventilar los espacios, as\u00ed como evitar las aglomeraciones.<\/p>\n\n\n\n<p>De igual forma, hicieron un llamado a las mam\u00e1s, pap\u00e1s o tutores en el territorio oaxaque\u00f1o, para que registren a sus hijas e hijos a partir de los 12 a\u00f1os cumplidos en el portal \u201cMi Vacuna\u201d, con la finalidad de recibir por primera vez la inmunizaci\u00f3n, para estar protegidos y prevenir complicaciones derivadas de esta enfermedad.<\/p>\n","protected":false},"excerpt":{"rendered":"<p>Redacci\u00f3n\/Zona Roja. Oaxaca de Ju\u00e1rez, Oax., 2 de mayo de 2022.- Durante el per\u00edodo comprendido&hellip;<\/p>\n","protected":false},"author":2,"featured_media":36737,"comment_status":"closed","ping_status":"open","sticky":false,"template":"","format":"standard","meta":{"_lmt_disableupdate":"","_lmt_disable":"","_jetpack_memberships_contains_paid_content":false,"footnotes":""},"categories":[109,47],"tags":[1512],"class_list":["post-40690","post","type-post","status-publish","format-standard","has-post-thumbnail","hentry","category-minuto-a-minuto","category-zona-gris","tag-coronavirus-oaxaca"],"jetpack_featured_media_url":"https:\/\/zonaroja.com.mx\/wp-content\/uploads\/2022\/01\/Aplicacion-vacuna-contra-covid-coronavirus.jpg","jetpack_sharing_enabled":true,"_links":{"self":[{"href":"https:\/\/zonaroja.com.mx\/index.php?rest_route=\/wp\/v2\/posts\/40690","targetHints":{"allow":["GET"]}}],"collection":[{"href":"https:\/\/zonaroja.com.mx\/index.php?rest_route=\/wp\/v2\/posts"}],"about":[{"href":"https:\/\/zonaroja.com.mx\/index.php?rest_route=\/wp\/v2\/types\/post"}],"author":[{"embeddable":true,"href":"https:\/\/zonaroja.com.mx\/index.php?rest_route=\/wp\/v2\/users\/2"}],"replies":[{"embeddable":true,"href":"https:\/\/zonaroja.com.mx\/index.php?rest_route=%2Fwp%2Fv2%2Fcomments&post=40690"}],"version-history":[{"count":1,"href":"https:\/\/zonaroja.com.mx\/index.php?rest_route=\/wp\/v2\/posts\/40690\/revisions"}],"predecessor-version":[{"id":40691,"href":"https:\/\/zonaroja.com.mx\/index.php?rest_route=\/wp\/v2\/posts\/40690\/revisions\/40691"}],"wp:featuredmedia":[{"embeddable":true,"href":"https:\/\/zonaroja.com.mx\/index.php?rest_route=\/wp\/v2\/media\/36737"}],"wp:attachment":[{"href":"https:\/\/zonaroja.com.mx\/index.php?rest_route=%2Fwp%2Fv2%2Fmedia&parent=40690"}],"wp:term":[{"taxonomy":"category","embeddable":true,"href":"https:\/\/zonaroja.com.mx\/index.php?rest_route=%2Fwp%2Fv2%2Fcategories&post=40690"},{"taxonomy":"post_tag","embeddable":true,"href":"https:\/\/zonaroja.com.mx\/index.php?rest_route=%2Fwp%2Fv2%2Ftags&post=40690"}],"curies":[{"name":"wp","href":"https:\/\/api.w.org\/{rel}","templated":true}]}}