{"id":40693,"date":"2022-05-02T15:27:46","date_gmt":"2022-05-02T20:27:46","guid":{"rendered":"http:\/\/www.zonaroja.com.mx\/?p=40693"},"modified":"2022-05-02T15:27:48","modified_gmt":"2022-05-02T20:27:48","slug":"seguridad-economicas-y-fortalecimiento-del-sector-productivo-propone-triple-a","status":"publish","type":"post","link":"https:\/\/zonaroja.com.mx\/?p=40693","title":{"rendered":"Seguridad econ\u00f3micas y fortalecimiento del sector productivo, propone \u201cTriple A\u201d"},"content":{"rendered":"\n<p>Yuridiana Sosa\/Zona Roja.<\/p>\n\n\n\n<p>Oaxaca de Ju\u00e1rez, Oax., 02 de mayo de 2022.- En Oaxaca el sector productivo, desde el \u00e1rea de las artesan\u00edas, emprendimientos, micros y peque\u00f1as empresas, hasta empresas de nuevas inversiones, contar\u00e1n con el impulso para sus negocios y con seguridad jur\u00eddica y social para aterrizar sus proyectos productivos durante el periodo que gobierne Alejandro Avil\u00e9s \u00c1lvarez.<\/p>\n\n\n\n<p>As\u00ed lo asegur\u00f3 el candidato com\u00fan del PRI-PRD para la gubernatura de Oaxaca durante su conferencia semanal este lunes, en la que dio a conocer las propuestas de acciones de gobierno que ejecutar\u00e1 para el sector productivo y econ\u00f3mico de ganar las elecciones del 5 de junio.<\/p>\n\n\n\n<p>\u201cEl compromiso empieza desde ahora, porque juntos vamos a construir el camino que vamos a transitar, tengan por seguro que en mi gobierno respaldaremos a quienes son la parte esencial, de la vida econ\u00f3mica de Oaxaca\u2026Seguiremos proyectando a Oaxaca en M\u00e9xico y el mundo a trav\u00e9s de la calidad y originalidad de los productos del estado\u201d.<\/p>\n\n\n\n<p>En esta ocasi\u00f3n, el aspirante a gobernador estuvo acompa\u00f1ado de representantes del sector empresarial, productivo y ex funcionarios \u00e1reas afines en Oaxaca, quienes dieron a conocer el plan de desarrollo que han dise\u00f1ado desde la experiencia en cada \u00e1rea, como es el caso de On\u00e9simo Bravo, H\u00e9ctor Alberto G\u00f3mez N\u00fa\u00f1ez y Claudio Ruiz Solano.<\/p>\n\n\n\n<p>Entre los objetivos es la creaci\u00f3n del Instituto del Emprendedor, a trav\u00e9s del cual se impulsen con enfoque a las nuevas empresas, con asistencia y consultor\u00eda; dar acompa\u00f1amiento a los emprendedores y peque\u00f1os empresarios para el registro de sus marcas; facilitarles accesos a cr\u00e9ditos, esquemas de financiamiento para proyectos de impacto social y apertura de canales de comercializaci\u00f3n.<\/p>\n\n\n\n<figure class=\"wp-block-embed is-type-rich is-provider-twitter wp-block-embed-twitter\"><div class=\"wp-block-embed__wrapper\">\n<div class=\"twitter-tweet\"><blockquote class=\"twitter-tweet\" data-lang=\"es\"><p lang=\"es\" dir=\"ltr\"><a href=\"https:\/\/twitter.com\/hashtag\/ENVIVO?src=hash&amp;ref_src=twsrc%5Etfw\">#ENVIVO<\/a><br>Oaxaca de Ju\u00e1rez, Oax., 2 de mayo de 2022.- Conferencia de prensa de Alejandro Avil\u00e9s \u00c1lvarez (<a href=\"https:\/\/twitter.com\/_AvilesAlvarez?ref_src=twsrc%5Etfw\">@_AvilesAlvarez<\/a>), candidato del PRI-PRD a gobernador de <a href=\"https:\/\/twitter.com\/hashtag\/Oaxaca?src=hash&amp;ref_src=twsrc%5Etfw\">#Oaxaca<\/a>. <br>Siga la transmisi\u00f3n.<br>\ud83d\udc47<a href=\"https:\/\/t.co\/rpHeaPq44N\">https:\/\/t.co\/rpHeaPq44N<\/a><\/p>&mdash; Zona Roja Oaxaca (@ZonaRoja_Oaxaca) <a href=\"https:\/\/twitter.com\/ZonaRoja_Oaxaca\/status\/1521138084821282818?ref_src=twsrc%5Etfw\">2 de mayo de 2022<\/a><\/blockquote><\/div>\n<\/div><\/figure>\n\n\n\n<p>As\u00ed tambi\u00e9n, el gobierno que encabece Alejandro Avil\u00e9s programa el impulso de actividades econ\u00f3micas en cada regi\u00f3n, con optimizaci\u00f3n de procesos; propiciar la certeza jur\u00eddica para m\u00e1s inversiones, crear esquemas de crecimiento empresarial de inversi\u00f3n; fortalecer las estrategias de seguridad p\u00fablica en las regiones en beneficio de familias productoras para que haya confianza en las inversiones, adem\u00e1s de impulsar las cadenas productivas.<\/p>\n\n\n\n<p>Todo ello sin olvidar la importancia de planes de capacitaci\u00f3n que permitan a los empresarios y emprendedores mejoras en la competitividad de sus negocios.<\/p>\n\n\n\n<p>El crecimiento del sector productivo en Oaxaca ser\u00e1 en todos los niveles aseguraron, por lo que la econom\u00eda social y desde las comunidades ser\u00e1n parte de este sistema para el desarrollo de Oaxaca.<\/p>\n\n\n\n<p>Desde el plan de Avil\u00e9s \u00c1lvarez se considera la creaci\u00f3n de ecosistemas para econom\u00edas sostenibles y de consumo responsable; generar esquemas de financiamiento para el sector social para que los artesanos no queden fuera de los beneficios; existir\u00e1n acciones que permitan preservar y proteger los procesos de producci\u00f3n locales y que el emprendimiento social sea un referente.<\/p>\n\n\n\n<p>\u201cConmigo, como gobernador del estado van a tener un gran aliado que trabajar\u00e1 junto al sector productivo y con toda la sociedad, por eso quiero que tengan la tranquilidad que encabezar\u00e9 un gobierno de puertas abiertas\u201d, sostuvo el candidato del PRI-PRD.<\/p>\n","protected":false},"excerpt":{"rendered":"<p>Yuridiana Sosa\/Zona Roja. Oaxaca de Ju\u00e1rez, Oax., 02 de mayo de 2022.- En Oaxaca el&hellip;<\/p>\n","protected":false},"author":2,"featured_media":40694,"comment_status":"closed","ping_status":"open","sticky":false,"template":"","format":"standard","meta":{"_lmt_disableupdate":"","_lmt_disable":"","_jetpack_memberships_contains_paid_content":false,"footnotes":""},"categories":[109,46],"tags":[316,2879],"class_list":["post-40693","post","type-post","status-publish","format-standard","has-post-thumbnail","hentry","category-minuto-a-minuto","category-zona-blanca","tag-alejandro-aviles-alvarez","tag-elecciones-oaxaca-2022"],"jetpack_featured_media_url":"https:\/\/zonaroja.com.mx\/wp-content\/uploads\/2022\/05\/Conferencia-de-prensa-Aviles-Alejandro.jpg","jetpack_sharing_enabled":true,"_links":{"self":[{"href":"https:\/\/zonaroja.com.mx\/index.php?rest_route=\/wp\/v2\/posts\/40693","targetHints":{"allow":["GET"]}}],"collection":[{"href":"https:\/\/zonaroja.com.mx\/index.php?rest_route=\/wp\/v2\/posts"}],"about":[{"href":"https:\/\/zonaroja.com.mx\/index.php?rest_route=\/wp\/v2\/types\/post"}],"author":[{"embeddable":true,"href":"https:\/\/zonaroja.com.mx\/index.php?rest_route=\/wp\/v2\/users\/2"}],"replies":[{"embeddable":true,"href":"https:\/\/zonaroja.com.mx\/index.php?rest_route=%2Fwp%2Fv2%2Fcomments&post=40693"}],"version-history":[{"count":1,"href":"https:\/\/zonaroja.com.mx\/index.php?rest_route=\/wp\/v2\/posts\/40693\/revisions"}],"predecessor-version":[{"id":40695,"href":"https:\/\/zonaroja.com.mx\/index.php?rest_route=\/wp\/v2\/posts\/40693\/revisions\/40695"}],"wp:featuredmedia":[{"embeddable":true,"href":"https:\/\/zonaroja.com.mx\/index.php?rest_route=\/wp\/v2\/media\/40694"}],"wp:attachment":[{"href":"https:\/\/zonaroja.com.mx\/index.php?rest_route=%2Fwp%2Fv2%2Fmedia&parent=40693"}],"wp:term":[{"taxonomy":"category","embeddable":true,"href":"https:\/\/zonaroja.com.mx\/index.php?rest_route=%2Fwp%2Fv2%2Fcategories&post=40693"},{"taxonomy":"post_tag","embeddable":true,"href":"https:\/\/zonaroja.com.mx\/index.php?rest_route=%2Fwp%2Fv2%2Ftags&post=40693"}],"curies":[{"name":"wp","href":"https:\/\/api.w.org\/{rel}","templated":true}]}}