{"id":40696,"date":"2022-05-02T15:30:35","date_gmt":"2022-05-02T20:30:35","guid":{"rendered":"http:\/\/www.zonaroja.com.mx\/?p=40696"},"modified":"2022-05-02T15:30:37","modified_gmt":"2022-05-02T20:30:37","slug":"denuncian-lentitud-de-la-justicia-por-la-muerte-de-dos-ciclistas","status":"publish","type":"post","link":"https:\/\/zonaroja.com.mx\/?p=40696","title":{"rendered":"Denuncian lentitud de la justicia por la muerte de dos ciclistas"},"content":{"rendered":"\n<p>Yuridiana Sosa\/Zona Roja.<\/p>\n\n\n\n<p>Oaxaca de Ju\u00e1rez, Oax., 02 de mayo de 2022.- Familiares de dos ciclistas que fallecieron tras ser arrollados en la carretera federal 190, en el acceso a Villa de Mitla, hace nueve meses, denunciaron irregularidades y hasta amenazas contra su integridad por parte del personal de la Vicefiscal\u00eda de Tlacolula para que dejen de insistir por justicia.<\/p>\n\n\n\n<p>La se\u00f1ora Mar\u00eda del Rosario Hern\u00e1ndez Calder\u00f3n, madre de Juan Jos\u00e9 Ram\u00edrez Hern\u00e1ndez, y Teresa Cruz Ram\u00edrez, esposa de Jaime Garc\u00eda Flores, se\u00f1alaron que tras pedir apoyo de la Defensor\u00eda de los Derechos Humanos del Pueblo de Oaxaca (DDHPO) conocieron que los expedientes de la investigaci\u00f3n de sus familiares se encontraban incompletos.<\/p>\n\n\n\n<p>El fatal accidente se registr\u00f3 en julio del 2021 cuando los hombres regresaban de su trabajo, en Mitla, a bordo de sus bicicletas con direcci\u00f3n a Tlacolula, cuando una camioneta los embisti\u00f3, muriendo en el lugar Juan Jos\u00e9 y de acuerdo a testigos, la conductora del veh\u00edculo se encontraba en estado de ebriedad, quien huy\u00f3 dejando la camioneta volcada en el lugar.<\/p>\n\n\n\n<figure class=\"wp-block-embed is-type-rich is-provider-twitter wp-block-embed-twitter\"><div class=\"wp-block-embed__wrapper\">\n<div class=\"twitter-tweet\"><blockquote class=\"twitter-tweet\" data-lang=\"es\"><p lang=\"es\" dir=\"ltr\"><a href=\"https:\/\/twitter.com\/hashtag\/ENVIVO?src=hash&amp;ref_src=twsrc%5Etfw\">#ENVIVO<\/a><br>Oaxaca de Ju\u00e1rez, Oax., 2 de mayo de 2022.- Conferencia de prensa de colectivos para exigir justicia por la muerte de dos ciclistas en Tlacolula, a casi un a\u00f1o del caso.<br>Siga aqu\u00ed la transmisi\u00f3n:<br>\ud83d\udc47<a href=\"https:\/\/t.co\/nPUDpa4ZIi\">https:\/\/t.co\/nPUDpa4ZIi<\/a> <a href=\"https:\/\/t.co\/Z2AhdDCDq6\">pic.twitter.com\/Z2AhdDCDq6<\/a><\/p>&mdash; Zona Roja Oaxaca (@ZonaRoja_Oaxaca) <a href=\"https:\/\/twitter.com\/ZonaRoja_Oaxaca\/status\/1521147715673071619?ref_src=twsrc%5Etfw\">2 de mayo de 2022<\/a><\/blockquote><\/div>\n<\/div><\/figure>\n\n\n\n<p>En conferencia de prensa en la capital del estado, las mujeres demandaron a la Fiscal\u00eda General del Estado de Oaxaca atender sus denuncias para una investigaci\u00f3n completa del caso, pues los trabajadores en la Vicefiscal\u00eda de Tlacolula encubren a la presunta responsable, identificada como Eva Monroy, por ser empresaria e influyente en dicho municipio de la regi\u00f3n de Valles Centrales.<\/p>\n\n\n\n<p>Entre otras irregularidades en el caso encontraron que el due\u00f1o del veh\u00edculo declar\u00f3 que \u201cuna empleada\u201d hab\u00eda agarrado sin permiso la unidad, pero desconoc\u00eda de qui\u00e9n se trataba; as\u00ed como que tras el accidente se detuvo a un indigente como el responsable de conducir la camioneta, a pesar que otras personas se\u00f1alaron que era una mujer.&nbsp;<\/p>\n\n\n\n<p>Las mujeres, v\u00edctimas indirectas de los hechos, apuntaron que el Ministerio P\u00fablico de nombre Miguel \u00c1ngel Torres les ha insinuado la petici\u00f3n de dinero para para que avance el caso, mientras que otras les indican que dejen por la paz el proceso o \u201cvan a rodar cabezas\u201d, lo que a su vez les genera miedo a su integridad.<\/p>\n\n\n\n<p>Madre y esposa s\u00f3lo exigen justicia por sus seres queridos, quienes ten\u00edan como oficio la mec\u00e1nica.&nbsp;<\/p>\n","protected":false},"excerpt":{"rendered":"<p>Yuridiana Sosa\/Zona Roja. Oaxaca de Ju\u00e1rez, Oax., 02 de mayo de 2022.- Familiares de dos&hellip;<\/p>\n","protected":false},"author":2,"featured_media":40697,"comment_status":"closed","ping_status":"open","sticky":false,"template":"","format":"standard","meta":{"_lmt_disableupdate":"","_lmt_disable":"","_jetpack_memberships_contains_paid_content":false,"footnotes":""},"categories":[109,47],"tags":[494],"class_list":["post-40696","post","type-post","status-publish","format-standard","has-post-thumbnail","hentry","category-minuto-a-minuto","category-zona-gris","tag-fiscalia-general-del-estado-de-oaxaca"],"jetpack_featured_media_url":"https:\/\/zonaroja.com.mx\/wp-content\/uploads\/2022\/05\/Conferencia-familiares-ciclistas-atropellados.jpg","jetpack_sharing_enabled":true,"_links":{"self":[{"href":"https:\/\/zonaroja.com.mx\/index.php?rest_route=\/wp\/v2\/posts\/40696","targetHints":{"allow":["GET"]}}],"collection":[{"href":"https:\/\/zonaroja.com.mx\/index.php?rest_route=\/wp\/v2\/posts"}],"about":[{"href":"https:\/\/zonaroja.com.mx\/index.php?rest_route=\/wp\/v2\/types\/post"}],"author":[{"embeddable":true,"href":"https:\/\/zonaroja.com.mx\/index.php?rest_route=\/wp\/v2\/users\/2"}],"replies":[{"embeddable":true,"href":"https:\/\/zonaroja.com.mx\/index.php?rest_route=%2Fwp%2Fv2%2Fcomments&post=40696"}],"version-history":[{"count":1,"href":"https:\/\/zonaroja.com.mx\/index.php?rest_route=\/wp\/v2\/posts\/40696\/revisions"}],"predecessor-version":[{"id":40698,"href":"https:\/\/zonaroja.com.mx\/index.php?rest_route=\/wp\/v2\/posts\/40696\/revisions\/40698"}],"wp:featuredmedia":[{"embeddable":true,"href":"https:\/\/zonaroja.com.mx\/index.php?rest_route=\/wp\/v2\/media\/40697"}],"wp:attachment":[{"href":"https:\/\/zonaroja.com.mx\/index.php?rest_route=%2Fwp%2Fv2%2Fmedia&parent=40696"}],"wp:term":[{"taxonomy":"category","embeddable":true,"href":"https:\/\/zonaroja.com.mx\/index.php?rest_route=%2Fwp%2Fv2%2Fcategories&post=40696"},{"taxonomy":"post_tag","embeddable":true,"href":"https:\/\/zonaroja.com.mx\/index.php?rest_route=%2Fwp%2Fv2%2Ftags&post=40696"}],"curies":[{"name":"wp","href":"https:\/\/api.w.org\/{rel}","templated":true}]}}