{"id":40702,"date":"2022-05-02T18:06:02","date_gmt":"2022-05-02T23:06:02","guid":{"rendered":"http:\/\/www.zonaroja.com.mx\/?p=40702"},"modified":"2022-05-02T19:42:55","modified_gmt":"2022-05-03T00:42:55","slug":"mueren-envenenados-cuatro-menores-y-madre-se-intenta-suicidar","status":"publish","type":"post","link":"https:\/\/zonaroja.com.mx\/?p=40702","title":{"rendered":"Mueren envenenados cuatro menores y madre se intenta suicidar"},"content":{"rendered":"\n<p>Ismael Garc\u00eda M.\/Zona Roja.<\/p>\n\n\n\n<p>Oaxaca de Ju\u00e1rez, Oax., 2 de mayo de 2022.- Tres ni\u00f1as y un ni\u00f1o, de entre cinco y 10 a\u00f1os de edad, murieron esta tarde, presuntamente envenenados por su madre, que adem\u00e1s se intent\u00f3 suicidar.<\/p>\n\n\n\n<p>Los hechos ocurrieron en un domicilio particular de a calle Hidalgo esquina Adolfo L\u00f3pez Mateos, en Chicapa de Castro, municipio de la regi\u00f3n del Istmo de Oaxaca.<\/p>\n\n\n\n<p>De acuerdo con los primeros informes, la madre, identificada de manera preliminar como Arely J. J., present\u00f3 lesiones en el cuelo producidas por arma blanca y fue trasladada a una cl\u00ednica de la comunidad de Uni\u00f3n Hidalgo.<\/p>\n\n\n\n<p>Personal de la Vicefiscal\u00eda Regional del Istmo inici\u00f3 las indagatorias correspondientes para deslindar responsabilidades.<\/p>\n","protected":false},"excerpt":{"rendered":"<p>Ismael Garc\u00eda M.\/Zona Roja. Oaxaca de Ju\u00e1rez, Oax., 2 de mayo de 2022.- Tres ni\u00f1as&hellip;<\/p>\n","protected":false},"author":2,"featured_media":5938,"comment_status":"closed","ping_status":"open","sticky":false,"template":"","format":"standard","meta":{"_lmt_disableupdate":"","_lmt_disable":"","_jetpack_memberships_contains_paid_content":false,"footnotes":""},"categories":[109,47],"tags":[3124],"class_list":["post-40702","post","type-post","status-publish","format-standard","has-post-thumbnail","hentry","category-minuto-a-minuto","category-zona-gris","tag-chicapa-de-castro"],"jetpack_featured_media_url":"https:\/\/zonaroja.com.mx\/wp-content\/uploads\/2019\/11\/Escena-del-crimen.jpg","jetpack_sharing_enabled":true,"_links":{"self":[{"href":"https:\/\/zonaroja.com.mx\/index.php?rest_route=\/wp\/v2\/posts\/40702","targetHints":{"allow":["GET"]}}],"collection":[{"href":"https:\/\/zonaroja.com.mx\/index.php?rest_route=\/wp\/v2\/posts"}],"about":[{"href":"https:\/\/zonaroja.com.mx\/index.php?rest_route=\/wp\/v2\/types\/post"}],"author":[{"embeddable":true,"href":"https:\/\/zonaroja.com.mx\/index.php?rest_route=\/wp\/v2\/users\/2"}],"replies":[{"embeddable":true,"href":"https:\/\/zonaroja.com.mx\/index.php?rest_route=%2Fwp%2Fv2%2Fcomments&post=40702"}],"version-history":[{"count":2,"href":"https:\/\/zonaroja.com.mx\/index.php?rest_route=\/wp\/v2\/posts\/40702\/revisions"}],"predecessor-version":[{"id":40704,"href":"https:\/\/zonaroja.com.mx\/index.php?rest_route=\/wp\/v2\/posts\/40702\/revisions\/40704"}],"wp:featuredmedia":[{"embeddable":true,"href":"https:\/\/zonaroja.com.mx\/index.php?rest_route=\/wp\/v2\/media\/5938"}],"wp:attachment":[{"href":"https:\/\/zonaroja.com.mx\/index.php?rest_route=%2Fwp%2Fv2%2Fmedia&parent=40702"}],"wp:term":[{"taxonomy":"category","embeddable":true,"href":"https:\/\/zonaroja.com.mx\/index.php?rest_route=%2Fwp%2Fv2%2Fcategories&post=40702"},{"taxonomy":"post_tag","embeddable":true,"href":"https:\/\/zonaroja.com.mx\/index.php?rest_route=%2Fwp%2Fv2%2Ftags&post=40702"}],"curies":[{"name":"wp","href":"https:\/\/api.w.org\/{rel}","templated":true}]}}