{"id":40705,"date":"2022-05-02T20:24:28","date_gmt":"2022-05-03T01:24:28","guid":{"rendered":"http:\/\/www.zonaroja.com.mx\/?p=40705"},"modified":"2022-05-02T20:24:30","modified_gmt":"2022-05-03T01:24:30","slug":"miedo-e-inseguridad-se-apoderan-de-oaxaca-ante-apatia-jara-cruz","status":"publish","type":"post","link":"https:\/\/zonaroja.com.mx\/?p=40705","title":{"rendered":"Miedo e inseguridad se apoderan de Oaxaca, ante apat\u00eda: Jara Cruz"},"content":{"rendered":"\n<p>Redacci\u00f3n\/Zona Roja.<\/p>\n\n\n\n<p>Oaxaca de Ju\u00e1rez, Oax., 2 de mayo de 2022.- El miedo y la percepci\u00f3n de inseguridad se han apoderado de nuestro estado y de la vida de las y los oaxaque\u00f1os, mientras que las autoridades est\u00e1n ocupadas llenando sus bolsillos con los recursos p\u00fablicos, recrimin\u00f3 Salom\u00f3n Jara Cruz, abanderado de la Coalici\u00f3n \u201cJuntos Hacemos Historia en Oaxaca\u201d.<\/p>\n\n\n\n<p>En conferencia de prensa que ofreci\u00f3 en Puerto Escondido, dijo que el 40.7% de las personas en Oaxaca considera que la inseguridad es uno de los principales problemas y afirma sentirse inseguro incluso en su entorno m\u00e1s cercano.&nbsp;<\/p>\n\n\n\n<p>\u201cLa ineficiencia y la desconfianza en las autoridades encargadas de la seguridad y la impartici\u00f3n de justicia hacen que en Oaxaca se denuncie solo el 10% de los delitos cometidos y de estos solamente la mitad haya sido investigado\u201d, mencion\u00f3 .<\/p>\n\n\n\n<p>Hoy en d\u00eda, se\u00f1al\u00f3 el candidato, las causas que llevan a las y los oaxaque\u00f1os a no denunciar son la desconfianza, el miedo a la extorsi\u00f3n, la corrupci\u00f3n, la p\u00e9rdida de tiempo, la burocracia, los tr\u00e1mites complicados y los malos tratos.<\/p>\n\n\n\n<p>\u201cLa impunidad ya no crecer\u00e1 bajo la sombra de la ineficiencia institucional, y para ello mi gobierno impulsar\u00e1 el fortalecimiento de los servicios periciales y, en general, la creaci\u00f3n de condiciones para promover un mejor desempe\u00f1o de la fiscal\u00eda general del estado\u201d, indic\u00f3.&nbsp;<\/p>\n\n\n\n<p>Desde mi \u00e1mbito de competencias, continu\u00f3, y con estricto respeto a la autonom\u00eda de la fiscal\u00eda, promover\u00e9 que se reoriente la pol\u00edtica de procuraci\u00f3n de justicia y se ponga en el centro a las v\u00edctimas.&nbsp;<\/p>\n\n\n\n<p>\u201cVamos a realizar una evaluaci\u00f3n m\u00e1s puntual del desempe\u00f1o de los servidores p\u00fablicos del estado para acercar a las instituciones a la sociedad y revertir la crisis de desconfianza generada por d\u00e9cadas de ineficiencia, complicidad e impunidad gubernamental\u201d, a\u00f1adi\u00f3.&nbsp;<\/p>\n\n\n\n<p>Jara Cruz apunt\u00f3 que se debe revalorar y dignificar la labor policial; erradicar la corrupci\u00f3n y garantizar que quienes procuran e imparten justicia se gu\u00eden por principios y valores como la honestidad, la legalidad y la justicia.&nbsp;<\/p>\n\n\n\n<p>Paralelamente, explic\u00f3, mejoraremos el alumbrado, incrementaremos el patrullaje y la videovigilancia en la v\u00eda p\u00fablica.&nbsp;<\/p>\n\n\n\n<p>\u201cLos polic\u00edas de barrio ser\u00e1n los principales promotores de un nuevo enfoque de seguridad ciudadana en las colonias, pueblos y comunidades\u201d, plante\u00f3.&nbsp;<\/p>\n\n\n\n<p>Refiri\u00f3 que tambi\u00e9n se realizar\u00e1 una campa\u00f1a de sensibilizaci\u00f3n para motivar a que la gente denuncie y se emprender\u00e1 una cruzada estatal para abatir el rezago y dar un ejemplo claro y contundente de que es posible cumplir con las necesidades de la gente en materia de seguridad y justicia.&nbsp;<\/p>\n\n\n\n<p>\u201cLos delincuentes ya no estar\u00e1n ejerciendo desde el gobierno ni ser\u00e1n encubiertos o protegidos desde el servicio p\u00fablico, porque la promoci\u00f3n de la seguridad y la lucha contra impunidad ser\u00e1n ejes estrat\u00e9gicos de mi administraci\u00f3n\u201d, asegur\u00f3.&nbsp;<\/p>\n\n\n\n<p>\u201cPara hacer frente a la profunda crisis de inseguridad y violencia que atraviesa nuestro estado, vamos a promover pol\u00edticas integrales para atender las causas estructurales del fen\u00f3meno delictivo y garantizar el \u00e9xito de la lucha contra la delincuencia, la vigencia de los derechos humanos y el ejercicio de las libertades de todas y todos los oaxaque\u00f1os\u201d, finaliz\u00f3 el aspirante a la gubernatura por la Coalici\u00f3n \u201cJuntos Hacemos Historia en Oaxaca\u201d, Salom\u00f3n Jara Cruz.<\/p>\n","protected":false},"excerpt":{"rendered":"<p>Redacci\u00f3n\/Zona Roja. Oaxaca de Ju\u00e1rez, Oax., 2 de mayo de 2022.- El miedo y la&hellip;<\/p>\n","protected":false},"author":2,"featured_media":40706,"comment_status":"closed","ping_status":"open","sticky":false,"template":"","format":"standard","meta":{"_lmt_disableupdate":"","_lmt_disable":"","_jetpack_memberships_contains_paid_content":false,"footnotes":""},"categories":[109,47],"tags":[2879,939],"class_list":["post-40705","post","type-post","status-publish","format-standard","has-post-thumbnail","hentry","category-minuto-a-minuto","category-zona-gris","tag-elecciones-oaxaca-2022","tag-salomon-jara-cruz"],"jetpack_featured_media_url":"https:\/\/zonaroja.com.mx\/wp-content\/uploads\/2022\/05\/Salomon-Jara-conferencia-Puerto-Escondido.jpg","jetpack_sharing_enabled":true,"_links":{"self":[{"href":"https:\/\/zonaroja.com.mx\/index.php?rest_route=\/wp\/v2\/posts\/40705","targetHints":{"allow":["GET"]}}],"collection":[{"href":"https:\/\/zonaroja.com.mx\/index.php?rest_route=\/wp\/v2\/posts"}],"about":[{"href":"https:\/\/zonaroja.com.mx\/index.php?rest_route=\/wp\/v2\/types\/post"}],"author":[{"embeddable":true,"href":"https:\/\/zonaroja.com.mx\/index.php?rest_route=\/wp\/v2\/users\/2"}],"replies":[{"embeddable":true,"href":"https:\/\/zonaroja.com.mx\/index.php?rest_route=%2Fwp%2Fv2%2Fcomments&post=40705"}],"version-history":[{"count":1,"href":"https:\/\/zonaroja.com.mx\/index.php?rest_route=\/wp\/v2\/posts\/40705\/revisions"}],"predecessor-version":[{"id":40707,"href":"https:\/\/zonaroja.com.mx\/index.php?rest_route=\/wp\/v2\/posts\/40705\/revisions\/40707"}],"wp:featuredmedia":[{"embeddable":true,"href":"https:\/\/zonaroja.com.mx\/index.php?rest_route=\/wp\/v2\/media\/40706"}],"wp:attachment":[{"href":"https:\/\/zonaroja.com.mx\/index.php?rest_route=%2Fwp%2Fv2%2Fmedia&parent=40705"}],"wp:term":[{"taxonomy":"category","embeddable":true,"href":"https:\/\/zonaroja.com.mx\/index.php?rest_route=%2Fwp%2Fv2%2Fcategories&post=40705"},{"taxonomy":"post_tag","embeddable":true,"href":"https:\/\/zonaroja.com.mx\/index.php?rest_route=%2Fwp%2Fv2%2Ftags&post=40705"}],"curies":[{"name":"wp","href":"https:\/\/api.w.org\/{rel}","templated":true}]}}