{"id":4071,"date":"2019-09-18T10:10:05","date_gmt":"2019-09-18T15:10:05","guid":{"rendered":"http:\/\/www.zonaroja.com.mx\/?p=4071"},"modified":"2019-09-17T22:21:48","modified_gmt":"2019-09-18T03:21:48","slug":"ante-impunidad-en-oaxaca-generan-documentales-para-denunciar-desapariciones-y-feminicidios","status":"publish","type":"post","link":"https:\/\/zonaroja.com.mx\/?p=4071","title":{"rendered":"Ante impunidad en Oaxaca, generan documentales para denunciar desapariciones y feminicidios"},"content":{"rendered":"\n<p>Evlin\nArag\u00f3n\/Zona Roja.<\/p>\n\n\n\n<p>Oaxaca de\nJu\u00e1rez, Oax., 18 de septiembre de 2019.- Ante el alarmante incremento de la\nviolencia de g\u00e9nero y feminicida en la entidad oaxaque\u00f1a, que es respaldado por\ndatos de las organizaciones sociales en defensa de las mujeres y grupos\nfeministas, as\u00ed como el nivel de impunidad en la mayor\u00eda de los casos las\ndenuncias, diversos colectivos se han dado a la tarea de hacer videos de casos\npara denunciar las desapariciones de mujeres y feminicidios, pero sobre todo la\nfalta de acci\u00f3n de las autoridades.<\/p>\n\n\n\n<p>As\u00ed lo\ndemuestra el documental titulado \u201cInvisible\u201d de la cineasta oaxaque\u00f1a M\u00f3nica\nArias, el cual en el transcurso de 16 minutos de duraci\u00f3n, rescata el caso de\nla desaparici\u00f3n de Yoselyn Alejandra Vargas Ortiz quien desapareci\u00f3 el 28 de\nagosto de 2018 en Huajuapan de Le\u00f3n, municipio perteneciente a la regi\u00f3n\nMixteca oaxaque\u00f1a.<\/p>\n\n\n\n<p>La\nproducci\u00f3n forma parte del Taller de Cine Documental, que se imparti\u00f3 del 21 de\noctubre al 06 de noviembre del a\u00f1o pasado, en Huajuapan de Le\u00f3n, como parte del\nprograma de \u00abPolos Audiovisuales\u00bb de Instituto Mexicano de\nCinematograf\u00eda (IMCINE).<\/p>\n\n\n\n<p>De acuerdo\ncon la cineasta, el documental se realiz\u00f3 durante siete meses desde su\nfilmaci\u00f3n hasta su edici\u00f3n final que concluyo el pasado mes de junio, durante\neste tiempo se document\u00f3 el caso de la joven cuya familia no ha dejado de\ninsistir en su b\u00fasqueda pese a la desidia de las autoridades estatales para dar\ncon su paradero.<\/p>\n\n\n\n<p>\u201cConsidero\nal documental como una alternativa muy potente para denunciar la creciente ola\nde violencia de g\u00e9nero, espec\u00edficamente la desaparici\u00f3n forzada, que est\u00e1\nocurriendo aqu\u00ed en la Mixteca oaxaque\u00f1a\u201d, asegura al preguntarle porque\nrealizar el proyecto audiovisual con esa tem\u00e1tica.<\/p>\n\n\n\n<p>Testimonios\nde la familia de la joven, que a m\u00e1s de una de la desaparici\u00f3n de Yoselyn sigue\nviviendo la misma pesadilla al no saber de su paradero; as\u00ed como entrevistas\ncon la directora del Instituto Municipal de las Mujeres en Huajuapan, y de Janeth\nIthalivi Salazar L\u00f3pez, regidora de Participaci\u00f3n Ciudadana y Equidad de\nG\u00e9nero, quienes hablan de la problem\u00e1tica que se vive en la zona, forman parte\ndel documental.&nbsp; <\/p>\n\n\n\n<p>\u201cEn este\nmomento pr\u00e1cticamente todas estamos en riesgo y me resulta important\u00edsimo\nhablar de las que faltan, de las que se llevaron, de las que no sabemos d\u00f3nde\nest\u00e1n\u201d, asegura la realizadora M\u00f3nica Arias.<\/p>\n\n\n\n<p>Las\nentrevistas al interior del documental incluyen a representantes de los medios\nde comunicaci\u00f3n, activistas y organizaciones sociales en la zona, quienes\nincluso se han manifestado en varias ocasiones para evidenciar la falta de\nacciones contundentes por parte de las autoridades.<\/p>\n\n\n\n<p>\u201cEl caso de Yoselyn sigue sin esclarecerse y su familia est\u00e1 cada vez m\u00e1s sola ante su desaparici\u00f3n forzada, este video es una manera de no olvidarla y seguir en su b\u00fasqueda\u201d, concluye la cineasta oaxaque\u00f1a en una breve charla.<\/p>\n\n\n\n<figure class=\"wp-block-embed-youtube wp-block-embed is-type-video is-provider-youtube wp-embed-aspect-16-9 wp-has-aspect-ratio\"><div class=\"wp-block-embed__wrapper\">\n<iframe title=\"Cortometraje Invisible - Polos Audiovisuales Oaxaca 2018\" width=\"1170\" height=\"658\" src=\"https:\/\/www.youtube.com\/embed\/66qUMmkvpBg?feature=oembed\" frameborder=\"0\" allow=\"accelerometer; autoplay; encrypted-media; gyroscope; picture-in-picture\" allowfullscreen><\/iframe>\n<\/div><\/figure>\n\n\n\n<p>CASO ROSAL\u00cdA<\/p>\n\n\n\n<p>\u201cInvisible\u201d\nno es el \u00fanico caso ya que recientemente el medio de comunicaci\u00f3n digital \u201cBarrios\u201d\ndio a conocer a trav\u00e9s de las redes sociales un video en el que denuncian el\nfeminicidio de Rosal\u00eda Garc\u00eda Garc\u00eda, quien fue asesinada en julio del 2014, en\nel municipio de Santa Cruz Xoxocotl\u00e1n.<\/p>\n\n\n\n<p>A cinco a\u00f1os\ndel asesinato de la mujer, la impunidad sigue siendo una constantes, ya que de\ndos atacantes, que dispararon en cinco ocasiones contra la mujer, uno de nombre\nJos\u00e9 Ram\u00f3n fue detenido pero no ha sido sentenciado, mientras que el otro de\nlos agresores permanece en libertad, ante una Fiscal\u00eda General del Estado\nincapaz de hacer justicia a Rosal\u00eda.&nbsp; <\/p>\n\n\n\n<p>Feminicidios\nen Oaxaca \u201cLagrimas de Impunidad\u201d ha sido titulada la serie que pretende\nretratar los casos m\u00e1s significativos en la entidad oaxaque\u00f1a, en este primer\nvideo Gabino Ramos Hern\u00e1ndez, viudo de la v\u00edctima de feminicidio y Raquel\nMorales Cruz, nuera de la mujer, dan testimonio del crimen y mantienen la exigencia\nde justicia a cinco a\u00f1os del caso<\/p>\n\n\n\n<p>\u201cHace como tres a\u00f1os vinieron \u2013las autoridades- ya no vinieron m\u00e1s a preguntar, yo les he buscado pero dicen que no, no saben nada, no hay avances, no vemos nada que haya justicia, as\u00ed nomas quedo\u201d, manifiesta Gabino Ramos, quien a\u00fan no entiende porque asesinaron a su esposa.<\/p>\n\n\n\n<figure class=\"wp-block-embed-youtube wp-block-embed is-type-video is-provider-youtube wp-embed-aspect-16-9 wp-has-aspect-ratio\"><div class=\"wp-block-embed__wrapper\">\n<iframe title=\"Feminicidios en Oaxaca: L\u00e1grimas de impunidad, caso Rosal\u00eda Garc\u00eda\" width=\"1170\" height=\"658\" src=\"https:\/\/www.youtube.com\/embed\/LHaSI_AksIY?feature=oembed\" frameborder=\"0\" allow=\"accelerometer; autoplay; encrypted-media; gyroscope; picture-in-picture\" allowfullscreen><\/iframe>\n<\/div><\/figure>\n\n\n\n<p>EL CASO SOL<\/p>\n\n\n\n<p>El mismo\nmedio public\u00f3 recientemente el caso de Mar\u00eda del Sol, fotoperiodista asesinada\nen Juchit\u00e1n de Zaragoza en junio del 2018, luego de ser comisionada por el\ntitular de la Secretar\u00eda de Asuntos Ind\u00edgenas, Francisco Montero L\u00f3pez, a\ncubrir la campa\u00f1a pol\u00edtica de su hermano Hageo Montero.<\/p>\n\n\n\n<p>En el video,\nla periodista oaxaque\u00f1a Soledad Jarqu\u00edn, madre de la joven asesinada relata los\nhechos, denuncia la complicidad de las autoridades para no sancionar a los\nresponsables, y la impunidad al interior de las dependencias estatales que\nimpiden la justicias para las mujeres asesinada.<\/p>\n\n\n\n<p>\u201cYo estoy en\nespera de que la justicia se haga, de que la justicia sea una realidad, de que\ntengamos como familias, no solo la m\u00eda sino la de muchas otras mujeres que han\nsido asesinadas, que tengamos un poco de tranquilidad, mientras no sepamos\nquien mato a nuestras hijas, quien las mando matar estamos en riesgo toda una\nfamilia, por eso pedimos justicia y es necesario que las autoridades nos las\nden\u201d, asegura Jarqu\u00edn Edgar.<\/p>\n\n\n\n<p>El video de poco m\u00e1s de seis minutos de duraci\u00f3n forma parte de la serie Feminicidios en Oaxaca \u201cLagrimas de Impunidad\u201d, que pretende documentar justamente la impunidad en torno a los asesinatos violentos de mujeres que dejan en la orfandad a decenas de ni\u00f1as y ni\u00f1os, as\u00ed como rompen la armon\u00eda de las familias oaxaque\u00f1as, de primera cuenta al perder a una integrante y en segunda al no recibir justicia por parte del Estado. <\/p>\n\n\n\n<figure class=\"wp-block-embed-youtube wp-block-embed is-type-video is-provider-youtube wp-embed-aspect-16-9 wp-has-aspect-ratio\"><div class=\"wp-block-embed__wrapper\">\n<iframe title=\"Feminicidios en Oaxaca, l\u00e1grimas de impunidad: Caso Mar\u00eda del Sol\" width=\"1170\" height=\"658\" src=\"https:\/\/www.youtube.com\/embed\/YxkR8wKNngw?feature=oembed\" frameborder=\"0\" allow=\"accelerometer; autoplay; encrypted-media; gyroscope; picture-in-picture\" allowfullscreen><\/iframe>\n<\/div><\/figure>\n","protected":false},"excerpt":{"rendered":"<p>Evlin Arag\u00f3n\/Zona Roja. Oaxaca de Ju\u00e1rez, Oax., 18 de septiembre de 2019.- Ante el alarmante&hellip;<\/p>\n","protected":false},"author":2,"featured_media":4072,"comment_status":"closed","ping_status":"open","sticky":false,"template":"","format":"standard","meta":{"_lmt_disableupdate":"","_lmt_disable":"","_jetpack_memberships_contains_paid_content":false,"footnotes":""},"categories":[109],"tags":[727],"class_list":["post-4071","post","type-post","status-publish","format-standard","has-post-thumbnail","hentry","category-minuto-a-minuto","tag-documentales-feminicidios"],"jetpack_featured_media_url":"https:\/\/zonaroja.com.mx\/wp-content\/uploads\/2019\/09\/Feminicidios.jpeg","jetpack_sharing_enabled":true,"_links":{"self":[{"href":"https:\/\/zonaroja.com.mx\/index.php?rest_route=\/wp\/v2\/posts\/4071","targetHints":{"allow":["GET"]}}],"collection":[{"href":"https:\/\/zonaroja.com.mx\/index.php?rest_route=\/wp\/v2\/posts"}],"about":[{"href":"https:\/\/zonaroja.com.mx\/index.php?rest_route=\/wp\/v2\/types\/post"}],"author":[{"embeddable":true,"href":"https:\/\/zonaroja.com.mx\/index.php?rest_route=\/wp\/v2\/users\/2"}],"replies":[{"embeddable":true,"href":"https:\/\/zonaroja.com.mx\/index.php?rest_route=%2Fwp%2Fv2%2Fcomments&post=4071"}],"version-history":[{"count":1,"href":"https:\/\/zonaroja.com.mx\/index.php?rest_route=\/wp\/v2\/posts\/4071\/revisions"}],"predecessor-version":[{"id":4073,"href":"https:\/\/zonaroja.com.mx\/index.php?rest_route=\/wp\/v2\/posts\/4071\/revisions\/4073"}],"wp:featuredmedia":[{"embeddable":true,"href":"https:\/\/zonaroja.com.mx\/index.php?rest_route=\/wp\/v2\/media\/4072"}],"wp:attachment":[{"href":"https:\/\/zonaroja.com.mx\/index.php?rest_route=%2Fwp%2Fv2%2Fmedia&parent=4071"}],"wp:term":[{"taxonomy":"category","embeddable":true,"href":"https:\/\/zonaroja.com.mx\/index.php?rest_route=%2Fwp%2Fv2%2Fcategories&post=4071"},{"taxonomy":"post_tag","embeddable":true,"href":"https:\/\/zonaroja.com.mx\/index.php?rest_route=%2Fwp%2Fv2%2Ftags&post=4071"}],"curies":[{"name":"wp","href":"https:\/\/api.w.org\/{rel}","templated":true}]}}