{"id":40717,"date":"2022-05-02T21:56:55","date_gmt":"2022-05-03T02:56:55","guid":{"rendered":"http:\/\/www.zonaroja.com.mx\/?p=40717"},"modified":"2022-05-02T21:56:57","modified_gmt":"2022-05-03T02:56:57","slug":"covid-latente-en-oaxaca-hospitalizan-a-seis-personas-en-las-ultimas-24-horas","status":"publish","type":"post","link":"https:\/\/zonaroja.com.mx\/?p=40717","title":{"rendered":"Covid latente en Oaxaca: hospitalizan a seis personas en las \u00faltimas 24 horas"},"content":{"rendered":"\n<p>Redacci\u00f3n\/Zona Roja.&nbsp;<\/p>\n\n\n\n<p>Oaxaca de Ju\u00e1rez, Oax., 2 de mayo de 2022.- Los Servicios de Salud de Oaxaca (SSO) reportaron este 2 de mayo un acumulado de 119 mil 941 casos positivos del virus SARS-CoV-2 y un total de seis mil 197 defunciones por esta enfermedad.<\/p>\n\n\n\n<p>La dependencia especific\u00f3 que la informaci\u00f3n de la plataforma del Sistema de Vigilancia Epidemiol\u00f3gica de Enfermedades Respiratorias (Sisver), contin\u00faa en un proceso de actualizaci\u00f3n y eliminaci\u00f3n de datos duplicados.<\/p>\n\n\n\n<p>En este proceso de datos se cuantific\u00f3 un global de 113 mil 593 casos recuperados y 151 personas que presentaron s\u00edntomas en los \u00faltimos 14 d\u00edas, 28 son residentes de Valles Centrales, 32 del Istmo, 83 de Tuxtepec, tres de la Costa, cuatro de la Mixteca y uno de la Sierra. Por lo que la pandemia activa se encuentra focalizada en 26 localidades.<\/p>\n\n\n\n<p>La red hospitalaria se ubic\u00f3 este d\u00eda en 91.4% de disponibilidad, con tres hospitales al 100% y un total de 29 personas internadas, de esta cifra seis son de nuevo ingreso.<\/p>\n\n\n\n<p>La dependencia hace un llamado para evitar acudir a lugares concurridos y poco ventilados, as\u00ed como respetar el uso correcto del cubrebocas y aplicar la sana distancia, adem\u00e1s reiter\u00f3 la invitaci\u00f3n a la poblaci\u00f3n para completar el esquema de vacunaci\u00f3n contra el COVID-19 y aplicarse el refuerzo, para evitar hospitalizaciones y defunciones.<\/p>\n\n\n\n<figure class=\"wp-block-embed is-type-rich is-provider-twitter wp-block-embed-twitter\"><div class=\"wp-block-embed__wrapper\">\n<div class=\"twitter-tweet\"><blockquote class=\"twitter-tweet\" data-lang=\"es\"><p lang=\"es\" dir=\"ltr\"><a href=\"https:\/\/twitter.com\/hashtag\/%C3%9AltimoMinuto?src=hash&amp;ref_src=twsrc%5Etfw\">#\u00daltimoMinuto<\/a><br>En <a href=\"https:\/\/twitter.com\/hashtag\/Oaxaca?src=hash&amp;ref_src=twsrc%5Etfw\">#Oaxaca<\/a>, los Servicios de Salud reportaron este lunes 4 contagios, 0 defunciones y 151 casos activos de Covid.<br>Suman 119 mil 941 casos confirmados y 6 mil 197 decesos.<br>Hay 3 nosocomios saturados y la ocupaci\u00f3n hospitalaria es de 8.6%. <a href=\"https:\/\/t.co\/4g63NCvfdZ\">pic.twitter.com\/4g63NCvfdZ<\/a><\/p>&mdash; Zona Roja Oaxaca (@ZonaRoja_Oaxaca) <a href=\"https:\/\/twitter.com\/ZonaRoja_Oaxaca\/status\/1521316404363988992?ref_src=twsrc%5Etfw\">3 de mayo de 2022<\/a><\/blockquote><\/div>\n<\/div><\/figure>\n","protected":false},"excerpt":{"rendered":"<p>Redacci\u00f3n\/Zona Roja.&nbsp; Oaxaca de Ju\u00e1rez, Oax., 2 de mayo de 2022.- Los Servicios de Salud&hellip;<\/p>\n","protected":false},"author":2,"featured_media":40712,"comment_status":"closed","ping_status":"open","sticky":false,"template":"","format":"standard","meta":{"_lmt_disableupdate":"","_lmt_disable":"","_jetpack_memberships_contains_paid_content":false,"footnotes":""},"categories":[109,47],"tags":[1512],"class_list":["post-40717","post","type-post","status-publish","format-standard","has-post-thumbnail","hentry","category-minuto-a-minuto","category-zona-gris","tag-coronavirus-oaxaca"],"jetpack_featured_media_url":"https:\/\/zonaroja.com.mx\/wp-content\/uploads\/2022\/05\/Covid-2-de-mayo.jpg","jetpack_sharing_enabled":true,"_links":{"self":[{"href":"https:\/\/zonaroja.com.mx\/index.php?rest_route=\/wp\/v2\/posts\/40717","targetHints":{"allow":["GET"]}}],"collection":[{"href":"https:\/\/zonaroja.com.mx\/index.php?rest_route=\/wp\/v2\/posts"}],"about":[{"href":"https:\/\/zonaroja.com.mx\/index.php?rest_route=\/wp\/v2\/types\/post"}],"author":[{"embeddable":true,"href":"https:\/\/zonaroja.com.mx\/index.php?rest_route=\/wp\/v2\/users\/2"}],"replies":[{"embeddable":true,"href":"https:\/\/zonaroja.com.mx\/index.php?rest_route=%2Fwp%2Fv2%2Fcomments&post=40717"}],"version-history":[{"count":1,"href":"https:\/\/zonaroja.com.mx\/index.php?rest_route=\/wp\/v2\/posts\/40717\/revisions"}],"predecessor-version":[{"id":40718,"href":"https:\/\/zonaroja.com.mx\/index.php?rest_route=\/wp\/v2\/posts\/40717\/revisions\/40718"}],"wp:featuredmedia":[{"embeddable":true,"href":"https:\/\/zonaroja.com.mx\/index.php?rest_route=\/wp\/v2\/media\/40712"}],"wp:attachment":[{"href":"https:\/\/zonaroja.com.mx\/index.php?rest_route=%2Fwp%2Fv2%2Fmedia&parent=40717"}],"wp:term":[{"taxonomy":"category","embeddable":true,"href":"https:\/\/zonaroja.com.mx\/index.php?rest_route=%2Fwp%2Fv2%2Fcategories&post=40717"},{"taxonomy":"post_tag","embeddable":true,"href":"https:\/\/zonaroja.com.mx\/index.php?rest_route=%2Fwp%2Fv2%2Ftags&post=40717"}],"curies":[{"name":"wp","href":"https:\/\/api.w.org\/{rel}","templated":true}]}}