{"id":40719,"date":"2022-05-03T07:57:00","date_gmt":"2022-05-03T12:57:00","guid":{"rendered":"http:\/\/www.zonaroja.com.mx\/?p=40719"},"modified":"2022-05-02T22:01:51","modified_gmt":"2022-05-03T03:01:51","slug":"con-murales-urbanos-promueve-el-ieepco-participacion-ciudadana","status":"publish","type":"post","link":"https:\/\/zonaroja.com.mx\/?p=40719","title":{"rendered":"Con murales urbanos, promueve el IEEPCO participaci\u00f3n ciudadana"},"content":{"rendered":"\n<p>Redacci\u00f3n\/Zona Roja.<\/p>\n\n\n\n<p>Oaxaca de Ju\u00e1rez, Oax., 3 de mayo de 2022.- El Instituto Estatal Electoral y de Participaci\u00f3n Ciudadana (IEEPCO), a trav\u00e9s de la Direcci\u00f3n Ejecutiva de Educaci\u00f3n C\u00edvica y Participaci\u00f3n Ciudadana, realiza con \u00e9xito la elaboraci\u00f3n de 19 murales urbanos, ubicados en las diferentes regiones de la entidad oaxaque\u00f1a con el objetivo de promover el voto informado y construir ciudadan\u00eda. &nbsp;<\/p>\n\n\n\n<p>Lo anterior, en el marco del Proceso Electoral Ordinario 2021-2022 y como parte de la convocatoria \u201cMural de Arte Urbano\u201d, dirigida a los 25 Consejos Distritales con el objetivo de promover la apropiaci\u00f3n del espacio p\u00fablico con intervenciones art\u00edsticas ciudadanas.<\/p>\n\n\n\n<p>El funcionariado de los Consejos Distritales se encarg\u00f3 de ubicar los mejores espacios p\u00fablicos para la realizaci\u00f3n de las obras de arte, a fin de garantizar el objetivo de promover la cultura c\u00edvica, el voto informado y la cultura de la legalidad previo a la jornada electoral del pr\u00f3ximo 5 de junio. &nbsp;<\/p>\n\n\n\n<p>En ese contexto, las cuatro obras de arte mejor calificadas fueron seleccionadas por parte de la Comisi\u00f3n y la Direcci\u00f3n para ser las portadas del \u00abCuaderno C\u00edvico Digital\u00bb \u00a0que edita el instituto de manera trimestral en tanto que, otras ocho obras fueron seleccionadas para integrar un calendario institucional.<\/p>\n\n\n\n<figure class=\"wp-block-embed is-type-rich is-provider-twitter wp-block-embed-twitter\"><div class=\"wp-block-embed__wrapper\">\n<div class=\"twitter-tweet\"><blockquote class=\"twitter-tweet\" data-lang=\"es\"><p lang=\"es\" dir=\"ltr\">A trav\u00e9s del programa <a href=\"https:\/\/twitter.com\/hashtag\/CiudadAnizarte?src=hash&amp;ref_src=twsrc%5Etfw\">#CiudadAnizarte<\/a> incentivamos la participaci\u00f3n ciudadana. La consejera presidenta del <a href=\"https:\/\/twitter.com\/hashtag\/IEEPCO?src=hash&amp;ref_src=twsrc%5Etfw\">#IEEPCO<\/a>, Elizabeth S\u00e1nchez (<a href=\"https:\/\/twitter.com\/Bidxa_a?ref_src=twsrc%5Etfw\">@Bidxa_a<\/a>) y el Consejo Distrital 13 de <a href=\"https:\/\/twitter.com\/hashtag\/Oaxaca?src=hash&amp;ref_src=twsrc%5Etfw\">#Oaxaca<\/a> de Ju\u00e1rez Zona Sur, inauguraron hoy el &quot;Mural de Arte Urbano&quot; de Heriberto Octavio Taboada Robles. <a href=\"https:\/\/t.co\/Cs5xO6qi8H\">pic.twitter.com\/Cs5xO6qi8H<\/a><\/p>&mdash; IEEPCO (@IEEPCO) <a href=\"https:\/\/twitter.com\/IEEPCO\/status\/1521295121169502211?ref_src=twsrc%5Etfw\">3 de mayo de 2022<\/a><\/blockquote><\/div>\n<\/div><\/figure>\n\n\n\n<p>EL DATO<\/p>\n\n\n\n<p>El mural ganador del primer lugar pertenece al 12 Consejo Distrital de Santa Luc\u00eda del Camino y lleva por t\u00edtulo \u201cUnidos todos contamos\u201d, mismo que fue creado por Irvin Eduardo Doquiz Corona, en colaboraci\u00f3n con Graciela Cruz Mart\u00ednez.<\/p>\n\n\n\n<p>&nbsp;Las dem\u00e1s obras reconocidas fueron: \u201cLa democracia y nuestros adultos mayores\u201d de Luis David Ochoa Velasco; \u201cTodas juntas, derecho y libertad\u201d de Aure Isabel Amos Canela; \u201cAves del tiempo\u201d de Leonel Miguel L\u00f3pez L\u00f3pez; \u201cDerecho al voto\u201d de N\u00e9stor Manuel Rosario; \u201cEl mundo en tus manos\u201d de Sergio Sarabia Gir\u00f3n; \u201cYo s\u00ed voto\u201d de Mauricio Hern\u00e1ndez Hern\u00e1ndez, \u00abidentidad cultural\u00bb, de Lucas Orozco Librado; y \u201cAlfarera\u201d de Efra\u00edn Reyes Montiel; ubicados en inmediaciones de los Consejos Distritales de Acatl\u00e1n de P\u00e9rez Figueroa, San Juan Bautista Tuxtepec, Asunci\u00f3n Nochixtl\u00e1n, Huajuapan de Le\u00f3n, Putla Villa de Guerrero y Tlaxiaco, respectivamente. &nbsp;<\/p>\n\n\n\n<p>As\u00ed mismo, \u201cDiversidad en un mundo democr\u00e1tico\u201d del colectivo integrado Martha Patricia Escobar Espinoza, Hannia Sara\u00ed Cabrera Figueroa, Estephania Mijangos Chac\u00f3n, C\u00e9sar Ulises Escobar Espinoza y Guadalupe Escobar Espinoza; \u201cDiversidad cultural\u201d de Heriberto Octavio Taboada Robles; \u201cFortaleza ciudadana\u201d de Abisai Giovanni Venegas; \u201cDiversidad Cultural\u201d de Marcos Morales Reyes; \u201cDiversidad cultural\u201d de Norma G\u00f3mez y Nayma Nallely, ubicados en Mat\u00edas Romero Avenda\u00f1o, Oaxaca de Ju\u00e1rez, Santa Cruz Xoxocotl\u00e1n, Zimatl\u00e1n de \u00c1lvarez y Tlacolula de Matamoros. &nbsp;<\/p>\n\n\n\n<p>Finalmente, \u201cDemocracia Sana\u00bb de Jos\u00e9 Roberto Pineda Hern\u00e1ndez; \u201cHero\u00edsmo Cultural\u201d de Nadia Lili Santiago Rodr\u00edguez; \u201cDiversidad Cultural\u201d de Adri\u00e1n Ruiz Gij\u00f3n; y \u201cSemilla\u201d del colectivo integrado por Karla Itzel Garc\u00eda Casta\u00f1eda, Laura Edith Castel\u00e1n Garc\u00eda, B\u00e9lgica Cortes Castillo y Luis Alberto R\u00edos Cruz; \u00abIdentidad con igualdad\u00bb de V\u00edctor Hugo Pacheco; \u00abDiversidad cultural\u00bb de Abel Montiel realizados en Salina Cruz, Santiago Pinotepa Nacional, Miahuatl\u00e1n de Porfirio Diaz, San Pedro Pochutla, Ixtl\u00e1n de Ju\u00e1rez y San Pedro y San Pablo Ayutla.<\/p>\n","protected":false},"excerpt":{"rendered":"<p>Redacci\u00f3n\/Zona Roja. Oaxaca de Ju\u00e1rez, Oax., 3 de mayo de 2022.- El Instituto Estatal Electoral&hellip;<\/p>\n","protected":false},"author":2,"featured_media":40720,"comment_status":"closed","ping_status":"open","sticky":false,"template":"","format":"standard","meta":{"_lmt_disableupdate":"","_lmt_disable":"","_jetpack_memberships_contains_paid_content":false,"footnotes":""},"categories":[109,46],"tags":[2932],"class_list":["post-40719","post","type-post","status-publish","format-standard","has-post-thumbnail","hentry","category-minuto-a-minuto","category-zona-blanca","tag-instituto-estatal-electoral-y-de-participacion-ciudadana-de-oaxaca-ieepco"],"jetpack_featured_media_url":"https:\/\/zonaroja.com.mx\/wp-content\/uploads\/2022\/05\/Murales-IEEPCO-arte-urbano.jpeg","jetpack_sharing_enabled":true,"_links":{"self":[{"href":"https:\/\/zonaroja.com.mx\/index.php?rest_route=\/wp\/v2\/posts\/40719","targetHints":{"allow":["GET"]}}],"collection":[{"href":"https:\/\/zonaroja.com.mx\/index.php?rest_route=\/wp\/v2\/posts"}],"about":[{"href":"https:\/\/zonaroja.com.mx\/index.php?rest_route=\/wp\/v2\/types\/post"}],"author":[{"embeddable":true,"href":"https:\/\/zonaroja.com.mx\/index.php?rest_route=\/wp\/v2\/users\/2"}],"replies":[{"embeddable":true,"href":"https:\/\/zonaroja.com.mx\/index.php?rest_route=%2Fwp%2Fv2%2Fcomments&post=40719"}],"version-history":[{"count":1,"href":"https:\/\/zonaroja.com.mx\/index.php?rest_route=\/wp\/v2\/posts\/40719\/revisions"}],"predecessor-version":[{"id":40721,"href":"https:\/\/zonaroja.com.mx\/index.php?rest_route=\/wp\/v2\/posts\/40719\/revisions\/40721"}],"wp:featuredmedia":[{"embeddable":true,"href":"https:\/\/zonaroja.com.mx\/index.php?rest_route=\/wp\/v2\/media\/40720"}],"wp:attachment":[{"href":"https:\/\/zonaroja.com.mx\/index.php?rest_route=%2Fwp%2Fv2%2Fmedia&parent=40719"}],"wp:term":[{"taxonomy":"category","embeddable":true,"href":"https:\/\/zonaroja.com.mx\/index.php?rest_route=%2Fwp%2Fv2%2Fcategories&post=40719"},{"taxonomy":"post_tag","embeddable":true,"href":"https:\/\/zonaroja.com.mx\/index.php?rest_route=%2Fwp%2Fv2%2Ftags&post=40719"}],"curies":[{"name":"wp","href":"https:\/\/api.w.org\/{rel}","templated":true}]}}