{"id":40722,"date":"2022-05-03T07:02:00","date_gmt":"2022-05-03T12:02:00","guid":{"rendered":"http:\/\/www.zonaroja.com.mx\/?p=40722"},"modified":"2022-05-02T22:05:20","modified_gmt":"2022-05-03T03:05:20","slug":"combate-frontal-a-corrupcion-en-poder-judicial-cesa-a-3-servidores","status":"publish","type":"post","link":"https:\/\/zonaroja.com.mx\/?p=40722","title":{"rendered":"Combate frontal a corrupci\u00f3n en Poder Judicial; cesa a 3 servidores"},"content":{"rendered":"\n<p>Redacci\u00f3n\/Zona Roja.<\/p>\n\n\n\n<p>Oaxaca de Ju\u00e1rez, Oax., 2 de mayo de 2022.- Al comprob\u00e1rseles conductas irregulares&nbsp;que impactan directamente en la atenci\u00f3n y el servicio a la ciudadan\u00eda&nbsp;as\u00ed como falta de \u00e9tica en su desempe\u00f1o, el Pleno del Consejo de la Judicatura del Poder Judicial&nbsp;del Estado de&nbsp;Oaxaca, ces\u00f3 a tres servidores p\u00fablicos, una mujer y dos hombres, que fung\u00edan como Secretarios de Acuerdos&nbsp;en diferentes juzgados de la entidad.<\/p>\n\n\n\n<p>La determinaci\u00f3n de revocar el nombramiento y dar por terminada la relaci\u00f3n laboral con dichos trabajadores, se tom\u00f3 ante las m\u00faltiples quejas recibidas de manera formal&nbsp;y la existencia de&nbsp;diversos&nbsp;cuadernos de investigaci\u00f3n e instructivos de responsabilidad&nbsp;proporcionados por la Visitadur\u00eda General.<\/p>\n\n\n\n<p>Al respecto,&nbsp;el presidente del Tribunal Superior de Justicia y del Consejo de la Judicatura, magistrado Eduardo Pinacho S\u00e1nchez,&nbsp;se\u00f1al\u00f3 que en el Poder Judicial del Estado,&nbsp;la corrupci\u00f3n no es un fen\u00f3meno generalizado.&nbsp;<\/p>\n\n\n\n<p>\u201cLa mayor\u00eda de las juzgadoras y juzgadores se conducen con independencia y honestidad, pero la existencia de cierto n\u00famero de casos da\u00f1a seriamente la imagen institucional, lo que pone de relieve la necesidad de consolidar una cultura que imponga altos est\u00e1ndares de&nbsp;servir con integridad, excelencia, sensibilidad social&nbsp;y transparencia en la funci\u00f3n judicial\u201d,&nbsp;resalt\u00f3.<\/p>\n\n\n\n<p>Mencion\u00f3 que desde el d\u00eda uno de su gesti\u00f3n se implement\u00f3 la pol\u00edtica p\u00fablica de \u201cHumanizar la Justicia\u201d, con el compromiso de ser una instituci\u00f3n cercana a la poblaci\u00f3n y brindar un trato digno&nbsp;y asegur\u00f3 que cualquier conducta indebida que lucre con la justicia ser\u00e1 sancionada.<\/p>\n\n\n\n<p>Cabe se\u00f1alar que&nbsp;durante el proceso de investigaci\u00f3n, los derechos humanos de dichos servidores fueron respetados en todo momento y conforme lo dispuesto en el art\u00edculo 4 de la Ley del Servicio Civil para los Empleados del Gobierno del Estado, se establece que al ser trabajadores de confianza, el patr\u00f3n al perderles la misma, tiene toda la facultad de revocarles su nombramiento.<\/p>\n\n\n\n<p>Entre los tipos de quejas presentadas&nbsp;contra de ellos, se encuentran comportamientos que contravienen los valores de excelencia y probidad, falta de eficiencia en el desempe\u00f1o de la funci\u00f3n p\u00fablica como actos de omisi\u00f3n, extrav\u00edo de documentos, dilaci\u00f3n en los acuerdos de ciertos expedientes y prontitud en otros tantos, que advierten de alguna manera, un beneficio econ\u00f3mico para los mismos.&nbsp;Incluso, la falta de atenci\u00f3n y malos tratos por parte de una de las personas cesadas deriv\u00f3 que alcaldes municipales de la Sierra Norte se inconformaran. &nbsp;<\/p>\n","protected":false},"excerpt":{"rendered":"<p>Redacci\u00f3n\/Zona Roja. Oaxaca de Ju\u00e1rez, Oax., 2 de mayo de 2022.- Al comprob\u00e1rseles conductas irregulares&nbsp;que&hellip;<\/p>\n","protected":false},"author":2,"featured_media":40715,"comment_status":"closed","ping_status":"open","sticky":false,"template":"","format":"standard","meta":{"_lmt_disableupdate":"","_lmt_disable":"","_jetpack_memberships_contains_paid_content":false,"footnotes":""},"categories":[109,46],"tags":[223],"class_list":["post-40722","post","type-post","status-publish","format-standard","has-post-thumbnail","hentry","category-minuto-a-minuto","category-zona-blanca","tag-poder-judicial-de-oaxaca"],"jetpack_featured_media_url":"https:\/\/zonaroja.com.mx\/wp-content\/uploads\/2022\/05\/Poder-Judicial-Tribunal-Superior-de-Justicia.jpg","jetpack_sharing_enabled":true,"_links":{"self":[{"href":"https:\/\/zonaroja.com.mx\/index.php?rest_route=\/wp\/v2\/posts\/40722","targetHints":{"allow":["GET"]}}],"collection":[{"href":"https:\/\/zonaroja.com.mx\/index.php?rest_route=\/wp\/v2\/posts"}],"about":[{"href":"https:\/\/zonaroja.com.mx\/index.php?rest_route=\/wp\/v2\/types\/post"}],"author":[{"embeddable":true,"href":"https:\/\/zonaroja.com.mx\/index.php?rest_route=\/wp\/v2\/users\/2"}],"replies":[{"embeddable":true,"href":"https:\/\/zonaroja.com.mx\/index.php?rest_route=%2Fwp%2Fv2%2Fcomments&post=40722"}],"version-history":[{"count":1,"href":"https:\/\/zonaroja.com.mx\/index.php?rest_route=\/wp\/v2\/posts\/40722\/revisions"}],"predecessor-version":[{"id":40723,"href":"https:\/\/zonaroja.com.mx\/index.php?rest_route=\/wp\/v2\/posts\/40722\/revisions\/40723"}],"wp:featuredmedia":[{"embeddable":true,"href":"https:\/\/zonaroja.com.mx\/index.php?rest_route=\/wp\/v2\/media\/40715"}],"wp:attachment":[{"href":"https:\/\/zonaroja.com.mx\/index.php?rest_route=%2Fwp%2Fv2%2Fmedia&parent=40722"}],"wp:term":[{"taxonomy":"category","embeddable":true,"href":"https:\/\/zonaroja.com.mx\/index.php?rest_route=%2Fwp%2Fv2%2Fcategories&post=40722"},{"taxonomy":"post_tag","embeddable":true,"href":"https:\/\/zonaroja.com.mx\/index.php?rest_route=%2Fwp%2Fv2%2Ftags&post=40722"}],"curies":[{"name":"wp","href":"https:\/\/api.w.org\/{rel}","templated":true}]}}